{"id":9855,"date":"2013-08-23T09:13:54","date_gmt":"2013-08-23T07:13:54","guid":{"rendered":"http:\/\/nydalen.idrett.no\/orientering\/?p=9855"},"modified":"2013-08-23T09:13:54","modified_gmt":"2013-08-23T07:13:54","slug":"husk-pamelding-til-km-stafett","status":"publish","type":"post","link":"https:\/\/nydalen.idrett.no\/orientering\/2013\/08\/23\/husk-pamelding-til-km-stafett\/","title":{"rendered":"Husk p\u00e5melding til KM stafett"},"content":{"rendered":"<p>Minner om at alle interesserte m\u00e5 melde seg p\u00e5 til KM stafett. Se link under interne p\u00e5meldinger. Frist mandag 26. august kl. 21.<\/p>\n","protected":false},"excerpt":{"rendered":"<p>Minner om at alle interesserte m\u00e5 melde seg p\u00e5 til KM stafett. Se link under interne p\u00e5meldinger. Frist mandag 26. august kl. 21.<\/p>\n","protected":false},"author":13,"featured_media":0,"comment_status":"closed","ping_status":"closed","sticky":false,"template":"","format":"standard","meta":{"footnotes":""},"categories":[10],"tags":[],"class_list":["post-9855","post","type-post","status-publish","format-standard","hentry","category-sportslig"],"_links":{"self":[{"href":"https:\/\/nydalen.idrett.no\/orientering\/wp-json\/wp\/v2\/posts\/9855","targetHints":{"allow":["GET"]}}],"collection":[{"href":"https:\/\/nydalen.idrett.no\/orientering\/wp-json\/wp\/v2\/posts"}],"about":[{"href":"https:\/\/nydalen.idrett.no\/orientering\/wp-json\/wp\/v2\/types\/post"}],"author":[{"embeddable":true,"href":"https:\/\/nydalen.idrett.no\/orientering\/wp-json\/wp\/v2\/users\/13"}],"replies":[{"embeddable":true,"href":"https:\/\/nydalen.idrett.no\/orientering\/wp-json\/wp\/v2\/comments?post=9855"}],"version-history":[{"count":1,"href":"https:\/\/nydalen.idrett.no\/orientering\/wp-json\/wp\/v2\/posts\/9855\/revisions"}],"predecessor-version":[{"id":9856,"href":"https:\/\/nydalen.idrett.no\/orientering\/wp-json\/wp\/v2\/posts\/9855\/revisions\/9856"}],"wp:attachment":[{"href":"https:\/\/nydalen.idrett.no\/orientering\/wp-json\/wp\/v2\/media?parent=9855"}],"wp:term":[{"taxonomy":"category","embeddable":true,"href":"https:\/\/nydalen.idrett.no\/orientering\/wp-json\/wp\/v2\/categories?post=9855"},{"taxonomy":"post_tag","embeddable":true,"href":"https:\/\/nydalen.idrett.no\/orientering\/wp-json\/wp\/v2\/tags?post=9855"}],"curies":[{"name":"wp","href":"https:\/\/api.w.org\/{rel}","templated":true}]}}