{"id":9327,"date":"2013-05-26T22:00:50","date_gmt":"2013-05-26T20:00:50","guid":{"rendered":"http:\/\/nydalen.idrett.no\/orientering\/?p=9327"},"modified":"2013-06-17T14:56:22","modified_gmt":"2013-06-17T12:56:22","slug":"solid-innsats-i-helgens-sprint-nm-og-norgescup","status":"publish","type":"post","link":"https:\/\/nydalen.idrett.no\/orientering\/2013\/05\/26\/solid-innsats-i-helgens-sprint-nm-og-norgescup\/","title":{"rendered":"Solid innsats i helgens sprint-NM og Norgescup  (n\u00e5 med bilder)"},"content":{"rendered":"<p>I en spennende og flott bysprint i Skien tok\u00a0Anine\u00a0en flott seier i D 17-18. Hun l\u00f8p til og med fortere enn jentene i D 19-20 &#8211; vi gratulerer og kaken var fortjent! <!--more-->Det var stor deltakelse fra NSK denne l\u00f8rdagen. Med 21 p\u00e5meldte l\u00f8pere var vi st\u00f8rste klubb, og vi preget ogs\u00e5 l\u00f8pet p\u00e5 en fin m\u00e5te. Fra formiddagens kvalifisering fikk vi \u00e5tte l\u00f8pere videre til finalen: Karen, Anine, Jonas, Eivind, Fredrik, Vebj\u00f8rn, Simen og Sverre. \u00a0Anines seier er nevnt, men ogs\u00e5 Jonas sin 4. plass i\u00a0 H 17-18 og Fredrik sin 6. plass i H 19-20 er verdt \u00e5 trekke spesielt frem.\u00a0 Ellers var mange av l\u00f8perne godt forn\u00f8yd med l\u00f8pene sine.<\/p>\n<p>S\u00f8ndagen var det Norgescup mellomdistanse p\u00e5 programmet. Krevende l\u00f8yper i kupert terreng. V\u00e5re l\u00f8pere klarte seg veldig bra, og blant topp 20 fikk vi Anine p\u00e5 4. plass i D 17-20, Emma p\u00e5 en fin 8. plass i D 21 E, Fredrik og Jonas p\u00e5 11. og 12. plass i H 17-20 og \u00d8ystein S\u00f8rensen p\u00e5 en sterk 15. plass i H 21 E (kun 2.27 bak vinneren).<\/p>\n<p><a href=\"http:\/\/nydalen.idrett.no\/orientering\/wp-content\/uploads\/2013\/05\/IMG_3255-e1369644586918.jpg\"><img loading=\"lazy\" decoding=\"async\" class=\"alignleft size-large wp-image-9335\" alt=\"IMG_3255\" src=\"http:\/\/nydalen.idrett.no\/orientering\/wp-content\/uploads\/2013\/05\/IMG_3255-e1369644586918-641x962.jpg\" width=\"640\" height=\"960\" srcset=\"https:\/\/nydalen.idrett.no\/orientering\/wp-content\/uploads\/2013\/05\/IMG_3255-e1369644586918-641x962.jpg 641w, https:\/\/nydalen.idrett.no\/orientering\/wp-content\/uploads\/2013\/05\/IMG_3255-e1369644586918-333x500.jpg 333w, https:\/\/nydalen.idrett.no\/orientering\/wp-content\/uploads\/2013\/05\/IMG_3255-e1369644586918.jpg 1280w\" sizes=\"auto, (max-width: 640px) 100vw, 640px\" \/><\/a><\/p>\n<p>Anine p\u00e5 pallen<\/p>\n<p><a href=\"http:\/\/nydalen.idrett.no\/orientering\/wp-content\/uploads\/2013\/05\/IMG_3254.jpg\"><img loading=\"lazy\" decoding=\"async\" class=\"alignleft size-large wp-image-9334\" alt=\"IMG_3254\" src=\"http:\/\/nydalen.idrett.no\/orientering\/wp-content\/uploads\/2013\/05\/IMG_3254-962x641.jpg\" width=\"640\" height=\"426\" srcset=\"https:\/\/nydalen.idrett.no\/orientering\/wp-content\/uploads\/2013\/05\/IMG_3254-962x641.jpg 962w, https:\/\/nydalen.idrett.no\/orientering\/wp-content\/uploads\/2013\/05\/IMG_3254-500x333.jpg 500w, https:\/\/nydalen.idrett.no\/orientering\/wp-content\/uploads\/2013\/05\/IMG_3254.jpg 1920w\" sizes=\"auto, (max-width: 640px) 100vw, 640px\" \/><\/a><\/p>\n<p>&nbsp;<\/p>\n<p>&nbsp;<\/p>\n<p>Topp seks i\u00a0H 17-18<\/p>\n","protected":false},"excerpt":{"rendered":"<p>I en spennende og flott bysprint i Skien tok\u00a0Anine\u00a0en flott seier i D 17-18. Hun l\u00f8p til og med fortere enn jentene i D 19-20 &#8211; vi gratulerer og kaken var fortjent!<\/p>\n","protected":false},"author":12,"featured_media":0,"comment_status":"open","ping_status":"closed","sticky":false,"template":"","format":"standard","meta":{"footnotes":""},"categories":[4,10],"tags":[],"class_list":["post-9327","post","type-post","status-publish","format-standard","hentry","category-elite","category-sportslig"],"_links":{"self":[{"href":"https:\/\/nydalen.idrett.no\/orientering\/wp-json\/wp\/v2\/posts\/9327","targetHints":{"allow":["GET"]}}],"collection":[{"href":"https:\/\/nydalen.idrett.no\/orientering\/wp-json\/wp\/v2\/posts"}],"about":[{"href":"https:\/\/nydalen.idrett.no\/orientering\/wp-json\/wp\/v2\/types\/post"}],"author":[{"embeddable":true,"href":"https:\/\/nydalen.idrett.no\/orientering\/wp-json\/wp\/v2\/users\/12"}],"replies":[{"embeddable":true,"href":"https:\/\/nydalen.idrett.no\/orientering\/wp-json\/wp\/v2\/comments?post=9327"}],"version-history":[{"count":7,"href":"https:\/\/nydalen.idrett.no\/orientering\/wp-json\/wp\/v2\/posts\/9327\/revisions"}],"predecessor-version":[{"id":9336,"href":"https:\/\/nydalen.idrett.no\/orientering\/wp-json\/wp\/v2\/posts\/9327\/revisions\/9336"}],"wp:attachment":[{"href":"https:\/\/nydalen.idrett.no\/orientering\/wp-json\/wp\/v2\/media?parent=9327"}],"wp:term":[{"taxonomy":"category","embeddable":true,"href":"https:\/\/nydalen.idrett.no\/orientering\/wp-json\/wp\/v2\/categories?post=9327"},{"taxonomy":"post_tag","embeddable":true,"href":"https:\/\/nydalen.idrett.no\/orientering\/wp-json\/wp\/v2\/tags?post=9327"}],"curies":[{"name":"wp","href":"https:\/\/api.w.org\/{rel}","templated":true}]}}