{"id":8469,"date":"2013-03-01T08:45:48","date_gmt":"2013-03-01T07:45:48","guid":{"rendered":"http:\/\/nydalen.idrett.no\/orientering\/?p=8469"},"modified":"2013-03-01T08:45:48","modified_gmt":"2013-03-01T07:45:48","slug":"lopermote-mandag-4-mars-for-junior-og-senior","status":"publish","type":"post","link":"https:\/\/nydalen.idrett.no\/orientering\/2013\/03\/01\/lopermote-mandag-4-mars-for-junior-og-senior\/","title":{"rendered":"L\u00f8perm\u00f8te mandag 4. mars for junior og senior"},"content":{"rendered":"<p>Husk l\u00f8perm\u00f8te jr\/sr f\u00f8rstkommende mandag 4. mars p\u00e5 Langsetl\u00f8kka kl 1930. M\u00f8tet avsluttes med en spennende foredrag fra en av heltene fra Trango-ekspedisjonen i 1999, Per Ludvig Skjerven. Dette b\u00f8r du f\u00e5 med deg!<!--more-->\u00a0Det blir servering av kveldsmat. De som \u00f8nsker kan m\u00f8te kl 1800 for en l\u00f8petur, mulighet for dusj og garderobe. Eller s\u00e5 rekker du styrketreninga f\u00f8rst. Velkommen!<\/p>\n","protected":false},"excerpt":{"rendered":"<p>Husk l\u00f8perm\u00f8te jr\/sr f\u00f8rstkommende mandag 4. mars p\u00e5 Langsetl\u00f8kka kl 1930. M\u00f8tet avsluttes med en spennende foredrag fra en av heltene fra Trango-ekspedisjonen i 1999, Per Ludvig Skjerven. Dette b\u00f8r du f\u00e5 med deg!<\/p>\n","protected":false},"author":12,"featured_media":0,"comment_status":"open","ping_status":"closed","sticky":false,"template":"","format":"standard","meta":{"footnotes":""},"categories":[4,10],"tags":[],"class_list":["post-8469","post","type-post","status-publish","format-standard","hentry","category-elite","category-sportslig"],"_links":{"self":[{"href":"https:\/\/nydalen.idrett.no\/orientering\/wp-json\/wp\/v2\/posts\/8469","targetHints":{"allow":["GET"]}}],"collection":[{"href":"https:\/\/nydalen.idrett.no\/orientering\/wp-json\/wp\/v2\/posts"}],"about":[{"href":"https:\/\/nydalen.idrett.no\/orientering\/wp-json\/wp\/v2\/types\/post"}],"author":[{"embeddable":true,"href":"https:\/\/nydalen.idrett.no\/orientering\/wp-json\/wp\/v2\/users\/12"}],"replies":[{"embeddable":true,"href":"https:\/\/nydalen.idrett.no\/orientering\/wp-json\/wp\/v2\/comments?post=8469"}],"version-history":[{"count":2,"href":"https:\/\/nydalen.idrett.no\/orientering\/wp-json\/wp\/v2\/posts\/8469\/revisions"}],"predecessor-version":[{"id":8471,"href":"https:\/\/nydalen.idrett.no\/orientering\/wp-json\/wp\/v2\/posts\/8469\/revisions\/8471"}],"wp:attachment":[{"href":"https:\/\/nydalen.idrett.no\/orientering\/wp-json\/wp\/v2\/media?parent=8469"}],"wp:term":[{"taxonomy":"category","embeddable":true,"href":"https:\/\/nydalen.idrett.no\/orientering\/wp-json\/wp\/v2\/categories?post=8469"},{"taxonomy":"post_tag","embeddable":true,"href":"https:\/\/nydalen.idrett.no\/orientering\/wp-json\/wp\/v2\/tags?post=8469"}],"curies":[{"name":"wp","href":"https:\/\/api.w.org\/{rel}","templated":true}]}}