{"id":8460,"date":"2013-02-27T19:33:31","date_gmt":"2013-02-27T18:33:31","guid":{"rendered":"http:\/\/nydalen.idrett.no\/orientering\/?p=8460"},"modified":"2013-03-19T14:39:54","modified_gmt":"2013-03-19T13:39:54","slug":"vintercup-4-tirsdag-4-mars","status":"publish","type":"post","link":"https:\/\/nydalen.idrett.no\/orientering\/2013\/02\/27\/vintercup-4-tirsdag-4-mars\/","title":{"rendered":"Vintercup #4 &#8211; tirsdag 5. mars"},"content":{"rendered":"<p>Velkommen til siste l\u00f8p i vinterk\u00f8ppen. Denne gang er skal vi til Badebakken og l\u00f8pe p\u00e5 et fint sprintkart. Fri start mellom kl 18 og 19. <!--more-->Oppm\u00f8te er\u00a0<a href=\"https:\/\/maps.google.com\/maps?q=Kristoffer+Aamots+gate+9,+Oslo,+Norge&amp;hl=no&amp;ll=59.946758,10.764713&amp;spn=0.011111,0.031071&amp;sll=59.947059,10.770335&amp;sspn=0.011111,0.031071&amp;hnear=Kristoffer+Aamots+gate+9,+Sagene,+0467+Oslo,+Norge&amp;t=m&amp;z=15\">her\u00a0\u00a0<\/a>og du melder deg p\u00e5 <a href=\"http:\/\/eventor.orientering.no\/Events\/Show\/2594\">her<\/a>. Husk lykt, gode sko (det er litt isete) og refleks. Begrenset med parkering i omr\u00e5det &#8211; skjer p\u00e5 eget ansvar. L\u00f8psleder og l\u00f8ypelegger er Maria Jonsson.<\/p>\n<p>Vel m\u00f8tt &#8211; det er tett i toppen!<\/p>\n","protected":false},"excerpt":{"rendered":"<p>Velkommen til siste l\u00f8p i vinterk\u00f8ppen. Denne gang er skal vi til Badebakken og l\u00f8pe p\u00e5 et fint sprintkart. Fri start mellom kl 18 og 19.<\/p>\n","protected":false},"author":12,"featured_media":0,"comment_status":"open","ping_status":"closed","sticky":false,"template":"","format":"standard","meta":{"footnotes":""},"categories":[4,10,20,48],"tags":[],"class_list":["post-8460","post","type-post","status-publish","format-standard","hentry","category-elite","category-sportslig","category-ungdom-13-16-ar","category-veteraner"],"_links":{"self":[{"href":"https:\/\/nydalen.idrett.no\/orientering\/wp-json\/wp\/v2\/posts\/8460","targetHints":{"allow":["GET"]}}],"collection":[{"href":"https:\/\/nydalen.idrett.no\/orientering\/wp-json\/wp\/v2\/posts"}],"about":[{"href":"https:\/\/nydalen.idrett.no\/orientering\/wp-json\/wp\/v2\/types\/post"}],"author":[{"embeddable":true,"href":"https:\/\/nydalen.idrett.no\/orientering\/wp-json\/wp\/v2\/users\/12"}],"replies":[{"embeddable":true,"href":"https:\/\/nydalen.idrett.no\/orientering\/wp-json\/wp\/v2\/comments?post=8460"}],"version-history":[{"count":8,"href":"https:\/\/nydalen.idrett.no\/orientering\/wp-json\/wp\/v2\/posts\/8460\/revisions"}],"predecessor-version":[{"id":8565,"href":"https:\/\/nydalen.idrett.no\/orientering\/wp-json\/wp\/v2\/posts\/8460\/revisions\/8565"}],"wp:attachment":[{"href":"https:\/\/nydalen.idrett.no\/orientering\/wp-json\/wp\/v2\/media?parent=8460"}],"wp:term":[{"taxonomy":"category","embeddable":true,"href":"https:\/\/nydalen.idrett.no\/orientering\/wp-json\/wp\/v2\/categories?post=8460"},{"taxonomy":"post_tag","embeddable":true,"href":"https:\/\/nydalen.idrett.no\/orientering\/wp-json\/wp\/v2\/tags?post=8460"}],"curies":[{"name":"wp","href":"https:\/\/api.w.org\/{rel}","templated":true}]}}