{"id":8434,"date":"2013-02-26T09:44:43","date_gmt":"2013-02-26T08:44:43","guid":{"rendered":"http:\/\/nydalen.idrett.no\/orientering\/?p=8434"},"modified":"2013-05-05T23:40:14","modified_gmt":"2013-05-05T21:40:14","slug":"tiosamling-12-14-mars","status":"publish","type":"post","link":"https:\/\/nydalen.idrett.no\/orientering\/2013\/02\/26\/tiosamling-12-14-mars\/","title":{"rendered":"Tiosamling 12.-14. april"},"content":{"rendered":"<p>Kretsen arrangerer felles Tio-mila samling i Sollentuna, Sverige for junior og senior l\u00f8pere 12-14 april 2013.<!--more-->Det er bestilt 50 sengeplasser i trippel- og dobbelrom p\u00e5 Scandic hotel i Sollentuna. Dette ligger i kort avstand fra treningsterrenget som arrang\u00f8ren har lagt opp som trening til Tio-mila. Planen er \u00e5 bruke dette opplegget p\u00e5 fredagskveld og l\u00f8rdag. P\u00e5 s\u00f8ndagen skal vi delta p\u00e5 R\u00e5n\u00e4sstafetten.<\/p>\n<ul>\n<li>Innbydelse til samlingen finner du <a href=\"http:\/\/www.orientering.no\/krets\/AOOK\/Documents\/tio%20samling%202013.pdf\">her<\/a>.<\/li>\n<li>Innbydelse til R\u00e5n\u00e4sstafetten er <a href=\"http:\/\/www.orientering.no\/krets\/AOOK\/Documents\/Inbjudan%20R%c3%a5n%c3%a4sstafetten.pdf\">her<\/a>.<\/li>\n<li>P\u00e5melding i Eventor innen 22 mars 2013 <a href=\"http:\/\/eventor.orientering.no\/Activities\/Show\/425\">her<\/a>. Det er et begrenset antall plasser for hele kretsen s\u00e5 ikke n\u00f8l med p\u00e5melding.<\/li>\n<\/ul>\n<p>Klubben dekker overnatting, opplegg og leiebil i henhold\u00a0til tidligere annonserte l\u00f8perkategorier for 2013. Husk \u00e5 s\u00f8ke Jon Iver for \u00e5 bli plassert i f\u00f8lgende l\u00f8perkategorier:<\/p>\n<ul>\n<li>Junior\/student (f\u00e5r lave egenandeler)<\/li>\n<li>Satsende sr-l\u00f8per (f\u00e5r lave egenandeler)<\/li>\n<\/ul>\n<p>\u00d8vrige blir etterfakturert for overnatting og leiebil, mens klubben dekker treningsopplegg og startkontingent for stafetten.<\/p>\n<p>Reise bestilles og dekkes av hver enkelt deltaker. Bestill f\u00f8lgende reise tidlig for \u00e5 f\u00e5 det s\u00e5 billig som mulig (husk bagasje):<\/p>\n<ul>\n<li>Norwegian 12. apr: Oslo 16:00\u2013 Arlanda 17:00 (Pris pt: 499 kr eksl bagasje)<\/li>\n<li>Norwegian 14. apr: Arlanda 17:30 \u2013 Oslo 18:30(Pris pt 445 kr eksl bagasje)<\/li>\n<\/ul>\n<p>\u00d8ystein Pettersen blir reiseleder for Nydalens SK.<\/p>\n","protected":false},"excerpt":{"rendered":"<p>Kretsen arrangerer felles Tio-mila samling i Sollentuna, Sverige for junior og senior l\u00f8pere 12-14 april 2013.<\/p>\n","protected":false},"author":23,"featured_media":0,"comment_status":"open","ping_status":"closed","sticky":false,"template":"","format":"standard","meta":{"footnotes":""},"categories":[4,10],"tags":[],"class_list":["post-8434","post","type-post","status-publish","format-standard","hentry","category-elite","category-sportslig"],"_links":{"self":[{"href":"https:\/\/nydalen.idrett.no\/orientering\/wp-json\/wp\/v2\/posts\/8434","targetHints":{"allow":["GET"]}}],"collection":[{"href":"https:\/\/nydalen.idrett.no\/orientering\/wp-json\/wp\/v2\/posts"}],"about":[{"href":"https:\/\/nydalen.idrett.no\/orientering\/wp-json\/wp\/v2\/types\/post"}],"author":[{"embeddable":true,"href":"https:\/\/nydalen.idrett.no\/orientering\/wp-json\/wp\/v2\/users\/23"}],"replies":[{"embeddable":true,"href":"https:\/\/nydalen.idrett.no\/orientering\/wp-json\/wp\/v2\/comments?post=8434"}],"version-history":[{"count":9,"href":"https:\/\/nydalen.idrett.no\/orientering\/wp-json\/wp\/v2\/posts\/8434\/revisions"}],"predecessor-version":[{"id":8439,"href":"https:\/\/nydalen.idrett.no\/orientering\/wp-json\/wp\/v2\/posts\/8434\/revisions\/8439"}],"wp:attachment":[{"href":"https:\/\/nydalen.idrett.no\/orientering\/wp-json\/wp\/v2\/media?parent=8434"}],"wp:term":[{"taxonomy":"category","embeddable":true,"href":"https:\/\/nydalen.idrett.no\/orientering\/wp-json\/wp\/v2\/categories?post=8434"},{"taxonomy":"post_tag","embeddable":true,"href":"https:\/\/nydalen.idrett.no\/orientering\/wp-json\/wp\/v2\/tags?post=8434"}],"curies":[{"name":"wp","href":"https:\/\/api.w.org\/{rel}","templated":true}]}}