{"id":8403,"date":"2013-02-18T09:45:13","date_gmt":"2013-02-18T08:45:13","guid":{"rendered":"http:\/\/nydalen.idrett.no\/orientering\/?p=8403"},"modified":"2013-02-19T13:39:23","modified_gmt":"2013-02-19T12:39:23","slug":"jonas-og-jorgen-med-bronse-i-jr-vm-i-ski-o","status":"publish","type":"post","link":"https:\/\/nydalen.idrett.no\/orientering\/2013\/02\/18\/jonas-og-jorgen-med-bronse-i-jr-vm-i-ski-o\/","title":{"rendered":"Jonas og J\u00f8rgen med bronse i jr-VM i ski-o"},"content":{"rendered":"<p>I junior-VM i skiorientering gikk Norge inn til en sterk 3.plass s\u00f8ndag. Jonas Madslien Bakken, Dag Lofthus(Hamar) og J\u00f8rgen Madslien utgjorde Norges lag.<br \/>\n<a href=\"http:\/\/nydalen.idrett.no\/orientering\/wp-content\/uploads\/2013\/02\/jrVMBronse.jpg\"><img loading=\"lazy\" decoding=\"async\" class=\"size-full wp-image-8404 alignleft\" alt=\"jrVMBronse\" src=\"http:\/\/nydalen.idrett.no\/orientering\/wp-content\/uploads\/2013\/02\/jrVMBronse.jpg\" width=\"282\" height=\"177\" \/><br \/>\n<\/a><\/p>\n<p><!--more--><span style=\"font-size: x-small;\">De norske juniorgutta kan strekke hendene i v\u00e6ret etter dagens bronse. Foto:\u00a0<a href=\"http:\/\/www.ski-o.com\/\">www.ski-o.com<\/a><\/span><\/p>\n<p>Stafetten avsluttet junior-VM p\u00e5 en flott m\u00e5te, da Norge ogs\u00e5 tok gull i jenteklassen. Norges seniorer tok gull og bronse i deres EM-stafetter samme sted, s\u00e5 dette var en stor dag for norsk skiorientering.<\/p>\n<p>Jonas og J\u00f8rgen har gjort det sv\u00e6rt bra i junior-VM i Latvia, med s\u00f8lv til Jonas p\u00e5 mellomdistanse og 4.plass til J\u00f8rgen p\u00e5 sprint.<\/p>\n<p>Vi gratulerer !<\/p>\n<p>Mer om Junior-VM kan finnes p\u00e5\u00a0<a href=\"http:\/\/www.ski-o.com\/2013\/02\/gull-gull-bronse-bronse\/\">Ski-o.com<\/a>\u00a0og\u00a0<a href=\"http:\/\/www.orientering.no\/nyheter\/Sider\/Junior-VM%20gull%20i%20stafett.aspx\">Norsk orientering<\/a><\/p>\n","protected":false},"excerpt":{"rendered":"<p>I junior-VM i skiorientering gikk Norge inn til en sterk 3.plass s\u00f8ndag. Jonas Madslien Bakken, Dag Lofthus(Hamar) og J\u00f8rgen Madslien utgjorde Norges lag.<\/p>\n","protected":false},"author":4,"featured_media":0,"comment_status":"open","ping_status":"closed","sticky":false,"template":"","format":"standard","meta":{"footnotes":""},"categories":[4,10],"tags":[],"class_list":["post-8403","post","type-post","status-publish","format-standard","hentry","category-elite","category-sportslig"],"_links":{"self":[{"href":"https:\/\/nydalen.idrett.no\/orientering\/wp-json\/wp\/v2\/posts\/8403","targetHints":{"allow":["GET"]}}],"collection":[{"href":"https:\/\/nydalen.idrett.no\/orientering\/wp-json\/wp\/v2\/posts"}],"about":[{"href":"https:\/\/nydalen.idrett.no\/orientering\/wp-json\/wp\/v2\/types\/post"}],"author":[{"embeddable":true,"href":"https:\/\/nydalen.idrett.no\/orientering\/wp-json\/wp\/v2\/users\/4"}],"replies":[{"embeddable":true,"href":"https:\/\/nydalen.idrett.no\/orientering\/wp-json\/wp\/v2\/comments?post=8403"}],"version-history":[{"count":11,"href":"https:\/\/nydalen.idrett.no\/orientering\/wp-json\/wp\/v2\/posts\/8403\/revisions"}],"predecessor-version":[{"id":8407,"href":"https:\/\/nydalen.idrett.no\/orientering\/wp-json\/wp\/v2\/posts\/8403\/revisions\/8407"}],"wp:attachment":[{"href":"https:\/\/nydalen.idrett.no\/orientering\/wp-json\/wp\/v2\/media?parent=8403"}],"wp:term":[{"taxonomy":"category","embeddable":true,"href":"https:\/\/nydalen.idrett.no\/orientering\/wp-json\/wp\/v2\/categories?post=8403"},{"taxonomy":"post_tag","embeddable":true,"href":"https:\/\/nydalen.idrett.no\/orientering\/wp-json\/wp\/v2\/tags?post=8403"}],"curies":[{"name":"wp","href":"https:\/\/api.w.org\/{rel}","templated":true}]}}