{"id":7682,"date":"2012-10-11T00:17:23","date_gmt":"2012-10-10T22:17:23","guid":{"rendered":"http:\/\/nydalen.idrett.no\/orientering\/?p=7682"},"modified":"2012-10-11T00:23:49","modified_gmt":"2012-10-10T22:23:49","slug":"harry-lagerts-nattcup-flotte-forhold-ved-sander","status":"publish","type":"post","link":"https:\/\/nydalen.idrett.no\/orientering\/2012\/10\/11\/harry-lagerts-nattcup-flotte-forhold-ved-sander\/","title":{"rendered":"Harry Lagerts nattcup: Flotte forhold ved Sander"},"content":{"rendered":"<p><a href=\"http:\/\/nydalen.idrett.no\/orientering\/wp-content\/uploads\/2012\/10\/HL12_3_200.jpg\"><img loading=\"lazy\" decoding=\"async\" class=\"alignleft size-full wp-image-7683\" title=\"HL12_3_200\" src=\"http:\/\/nydalen.idrett.no\/orientering\/wp-content\/uploads\/2012\/10\/HL12_3_200.jpg\" alt=\"\" width=\"200\" height=\"185\" \/><\/a><br \/>\n\u00c5rets &#8220;Harry Lagerts&#8221; fortsatte i\u00a0str\u00e5lende nattl\u00f8psv\u00e6r\u00a0like nord for NM-arenaen p\u00e5 Sander g\u00e5rd.<\/p>\n<p>Hele 132 l\u00f8pere til start, hvorav halvparten i &#8220;Lokal&#8221;-klassen.<\/p>\n<p><!--more-->L\u00f8ypelegger Jo W. hadde laget varierte og krevende l\u00f8yper, b\u00e5de fysisk og o-teknisk. Mange fikk merke h\u00f8ydekurvene i bakkene \u00f8st for Dausj\u00f8en.<\/p>\n<p>&nbsp;<\/p>\n<p>Raskeste l\u00f8per var igjen Anders Nordberg, denne gangen ca minuttet under stipulert vinnertid. \u00a0Og godt hum\u00f8r ble observert blandt deltakerne b\u00e5de f\u00f8r og etter l\u00f8pet.<\/p>\n<p>Harry Lagerts Nattcup 2012, L\u00f8p 3: \u00a0<a href=\"http:\/\/eventor.orientering.no\/Events\/ResultList?eventId=1522&amp;groupBy=EventClass\">Resultater<\/a>\u00a0, <a href=\"http:\/\/3drerun.worldofo.com\/?id=-69077&amp;type=info\">Kart (3D Rerun)<\/a><\/p>\n<p><a href=\"http:\/\/nydalen.idrett.no\/orientering\/wp-content\/uploads\/2012\/10\/HL12_3_1.jpg\"><img loading=\"lazy\" decoding=\"async\" class=\"alignnone size-full wp-image-7684\" title=\"HL12_3_1\" src=\"http:\/\/nydalen.idrett.no\/orientering\/wp-content\/uploads\/2012\/10\/HL12_3_1.jpg\" alt=\"\" width=\"550\" height=\"367\" srcset=\"https:\/\/nydalen.idrett.no\/orientering\/wp-content\/uploads\/2012\/10\/HL12_3_1.jpg 550w, https:\/\/nydalen.idrett.no\/orientering\/wp-content\/uploads\/2012\/10\/HL12_3_1-500x333.jpg 500w\" sizes=\"auto, (max-width: 550px) 100vw, 550px\" \/><\/a><br \/>\nComeback i &#8220;Harry Lagerts&#8221; av Thomas J; \u00a0her i veivalgsdiskusjon med Dag Aa.<\/p>\n<p><a href=\"http:\/\/nydalen.idrett.no\/orientering\/wp-content\/uploads\/2012\/10\/HL12_3_2.jpg\"><img loading=\"lazy\" decoding=\"async\" class=\"alignnone size-full wp-image-7685\" title=\"HL12_3_2\" src=\"http:\/\/nydalen.idrett.no\/orientering\/wp-content\/uploads\/2012\/10\/HL12_3_2.jpg\" alt=\"\" width=\"550\" height=\"367\" srcset=\"https:\/\/nydalen.idrett.no\/orientering\/wp-content\/uploads\/2012\/10\/HL12_3_2.jpg 550w, https:\/\/nydalen.idrett.no\/orientering\/wp-content\/uploads\/2012\/10\/HL12_3_2-500x333.jpg 500w\" sizes=\"auto, (max-width: 550px) 100vw, 550px\" \/><\/a><br \/>\nFull kontroll i sekretariatet<\/p>\n<p><a href=\"http:\/\/nydalen.idrett.no\/orientering\/wp-content\/uploads\/2012\/10\/HL12_3_3.jpg\"><img loading=\"lazy\" decoding=\"async\" class=\"alignnone size-full wp-image-7686\" title=\"HL12_3_3\" src=\"http:\/\/nydalen.idrett.no\/orientering\/wp-content\/uploads\/2012\/10\/HL12_3_3.jpg\" alt=\"\" width=\"550\" height=\"394\" srcset=\"https:\/\/nydalen.idrett.no\/orientering\/wp-content\/uploads\/2012\/10\/HL12_3_3.jpg 550w, https:\/\/nydalen.idrett.no\/orientering\/wp-content\/uploads\/2012\/10\/HL12_3_3-500x358.jpg 500w\" sizes=\"auto, (max-width: 550px) 100vw, 550px\" \/><\/a><br \/>\nStrekktids-studie<\/p>\n<p>&nbsp;<\/p>\n","protected":false},"excerpt":{"rendered":"<p>\u00c5rets &#8220;Harry Lagerts&#8221; fortsatte i\u00a0str\u00e5lende nattl\u00f8psv\u00e6r\u00a0like nord for NM-arenaen p\u00e5 Sander g\u00e5rd. Hele 132 l\u00f8pere til start, hvorav halvparten i &#8220;Lokal&#8221;-klassen.<\/p>\n","protected":false},"author":4,"featured_media":0,"comment_status":"open","ping_status":"closed","sticky":false,"template":"","format":"standard","meta":{"footnotes":""},"categories":[6,10],"tags":[],"class_list":["post-7682","post","type-post","status-publish","format-standard","hentry","category-sosialt","category-sportslig"],"_links":{"self":[{"href":"https:\/\/nydalen.idrett.no\/orientering\/wp-json\/wp\/v2\/posts\/7682","targetHints":{"allow":["GET"]}}],"collection":[{"href":"https:\/\/nydalen.idrett.no\/orientering\/wp-json\/wp\/v2\/posts"}],"about":[{"href":"https:\/\/nydalen.idrett.no\/orientering\/wp-json\/wp\/v2\/types\/post"}],"author":[{"embeddable":true,"href":"https:\/\/nydalen.idrett.no\/orientering\/wp-json\/wp\/v2\/users\/4"}],"replies":[{"embeddable":true,"href":"https:\/\/nydalen.idrett.no\/orientering\/wp-json\/wp\/v2\/comments?post=7682"}],"version-history":[{"count":8,"href":"https:\/\/nydalen.idrett.no\/orientering\/wp-json\/wp\/v2\/posts\/7682\/revisions"}],"predecessor-version":[{"id":7692,"href":"https:\/\/nydalen.idrett.no\/orientering\/wp-json\/wp\/v2\/posts\/7682\/revisions\/7692"}],"wp:attachment":[{"href":"https:\/\/nydalen.idrett.no\/orientering\/wp-json\/wp\/v2\/media?parent=7682"}],"wp:term":[{"taxonomy":"category","embeddable":true,"href":"https:\/\/nydalen.idrett.no\/orientering\/wp-json\/wp\/v2\/categories?post=7682"},{"taxonomy":"post_tag","embeddable":true,"href":"https:\/\/nydalen.idrett.no\/orientering\/wp-json\/wp\/v2\/tags?post=7682"}],"curies":[{"name":"wp","href":"https:\/\/api.w.org\/{rel}","templated":true}]}}