{"id":6953,"date":"2012-08-08T22:18:40","date_gmt":"2012-08-08T20:18:40","guid":{"rendered":"http:\/\/nydalen.idrett.no\/orientering\/?p=6953"},"modified":"2012-08-08T22:56:22","modified_gmt":"2012-08-08T20:56:22","slug":"nar-blir-gutter-menn","status":"publish","type":"post","link":"https:\/\/nydalen.idrett.no\/orientering\/2012\/08\/08\/nar-blir-gutter-menn\/","title":{"rendered":"N\u00e5r blir gutter menn?"},"content":{"rendered":"<p>Terje Dengerud oppsummerer 13-\u00e5ringenes opplevelser p\u00e5 U-TIO.<br \/>\n<!--more--><\/p>\n<p><strong>N\u00e5r blir gutter menn?<\/strong><\/p>\n<p>Det er det sikkert mange meninger om, og svaret er ikke n\u00f8dvendigvis s\u00e5 viktig heller.<\/p>\n<p>Jeg vet i alle fall at det skjedde noe med fem 13-\u00e5ringer fra Nydalen natten mellom 3. og 4. august. I fjor var de st\u00f8rst i L\u00f8p og Lek og kjempet i teten i HD12-stafetten i U-TIO. I \u00e5r er de minst i 13-16-gruppa, de er ferdige p\u00e5 barneskolen, og de var definitivt sv\u00e6rt spent og litt bleke om nebbet etter hvert som fredagskvelden n\u00e6rmet seg. De skulle ut og l\u00f8pe stafett \u2013 de skulle l\u00f8pe p\u00e5 samme lag som de store 17-18-\u00e5ringene, og ettersom fire av de store skulle l\u00f8pe f\u00f8rst kunne de ogs\u00e5 risikere \u00e5 l\u00f8pe ut tidlig \u2013 i tillegg skulle de sove i milit\u00e6rtelt og st\u00e5 opp midt p\u00e5 natta.<\/p>\n<p>P\u00e5 lagm\u00f8tet fikk de beskjed om \u00e5 sjekke koder, ta riktig kart og de andre vanlige beskjedene. I tillegg fikk de grunnkurs i soving i milit\u00e6rtelt, vekketid, og de fikk vite at det var helt normalt \u00e5 ikke f\u00e5 sove f\u00f8r man skulle l\u00f8pe. I tillegg fikk de beskjed av de som skulle l\u00f8pe de f\u00f8rste etappene om at det skulle v\u00e6re stille i teltet etter 21. Det var en fattet, men litt stille gjeng med 13-\u00e5ringer som ruslet bort til milit\u00e6rteltet for \u00e5 forberede seg, mens 11-12-\u00e5ringene dro tilbake til Ungdomsherberget for \u00e5 ha bankett. Natten senket seg og allerede kl 01.00 ble de f\u00f8rste etappene vekket for \u00e5 v\u00e6re klar til start 03.00. Vi sakser fra pappa B\u00f8rges rapport p\u00e5 FB kl04:07:<\/p>\n<p><em>P\u00e5 U-tio. P\u00e5 tide \u00e5 vekke 6. og 7. etappe l\u00f8perne. Juniorene l\u00f8per nattetappene, n\u00e5r gryningen blir til dag skal 13 \u00e5ringene ut. Speaker, hviskende rapporter ute fra meldepost blandet med heftig disko fra h\u00f8yttalerne, gr\u00e5tt lys, bankende puls, dugg i gresset og spente forventninger.<\/em><\/p>\n<p>Undertegnede m\u00e5tte ha en liten lur p\u00e5 morgenkvisten, men det var utrolig moro \u00e5 komme bort p\u00e5 samlingsplass igjen og se 13-\u00e5ringer smile om kapp etter \u00e5 ha mestret svennepr\u00f8ven. Alle hadde l\u00f8pt opp mot sitt beste og samlet hadde fem 13-\u00e5ringer krabbet opp en plass i sammendraget \u2013 p\u00e5 etapper der de stort sett kjempet mot noen av de beste 14-18-\u00e5ringene &#8211; imponerende!<\/p>\n<p>Tilbake til sp\u00f8rsm\u00e5let i overskriften. De hadde vel ikke blitt menn over natten, men det er helt sikkert at de hadde best\u00e5tt svennepr\u00f8ven. Det var ogs\u00e5 moro \u00e5 se den gjengen som kom inn i frokostsalen p\u00e5 UH-et \u2013 sv\u00e6rt stolte og med plutselig god avstand til 11-12-\u00e5ringene. Gjennomsnittlig hadde de nok vokst 10-15 cm over natten.<\/p>\n<p>Peder, Johannes, Lukas, J\u00f8rgen W og Elias \u2013 takk for at dere ble med s\u00e5 vi fikk stilt lag! Dette er en stafett vi vil ha problemer med \u00e5 hevde oss i s\u00e5 lenge det g\u00e5r samtidig med HL, men det gir veldig god trening for store og litt mindre store.<\/p>\n<p>Resten av l\u00f8rdagen gikk med til teambuilding p\u00e5 Skara Sommarland, og s\u00f8ndag l\u00f8p vi langdistanse i det samme spennende gropterrenget. En flott tur der ungdommene st\u00e5r i fokus. Takk til Maria som turoperat\u00f8r!<\/p>\n<p>Terje<\/p>\n<div class=\"mceTemp\">\n<dl id=\"attachment_6955\" class=\"wp-caption alignnone\" style=\"width: 650px;\">\n<dt class=\"wp-caption-dt\"><img loading=\"lazy\" decoding=\"async\" class=\"size-large wp-image-6955\" title=\"ungdomstio_lag\" src=\"http:\/\/nydalen.idrett.no\/orientering\/wp-content\/uploads\/2012\/08\/ungdomstio_lag-962x722.jpg\" alt=\"\" width=\"640\" height=\"480\" srcset=\"https:\/\/nydalen.idrett.no\/orientering\/wp-content\/uploads\/2012\/08\/ungdomstio_lag-962x722.jpg 962w, https:\/\/nydalen.idrett.no\/orientering\/wp-content\/uploads\/2012\/08\/ungdomstio_lag-500x375.jpg 500w, https:\/\/nydalen.idrett.no\/orientering\/wp-content\/uploads\/2012\/08\/ungdomstio_lag.jpg 1387w\" sizes=\"auto, (max-width: 640px) 100vw, 640px\" \/><\/dt>\n<dd class=\"wp-caption-dd\"><\/dd>\n<\/dl>\n<\/div>\n<p>Bak fra venstre: J\u00f8rgen M, Tord, Simen, Erik, Eivind.<br \/>\nForan fra venstre: Pia (maskot), Peder, Johannes, Elias, Lukas og J\u00f8rgen W.<\/p>\n","protected":false},"excerpt":{"rendered":"<p>Terje Dengerud oppsummerer 13-\u00e5ringenes opplevelser p\u00e5 U-TIO.<\/p>\n","protected":false},"author":1,"featured_media":0,"comment_status":"open","ping_status":"closed","sticky":false,"template":"","format":"standard","meta":{"footnotes":""},"categories":[20],"tags":[],"class_list":["post-6953","post","type-post","status-publish","format-standard","hentry","category-ungdom-13-16-ar"],"_links":{"self":[{"href":"https:\/\/nydalen.idrett.no\/orientering\/wp-json\/wp\/v2\/posts\/6953","targetHints":{"allow":["GET"]}}],"collection":[{"href":"https:\/\/nydalen.idrett.no\/orientering\/wp-json\/wp\/v2\/posts"}],"about":[{"href":"https:\/\/nydalen.idrett.no\/orientering\/wp-json\/wp\/v2\/types\/post"}],"author":[{"embeddable":true,"href":"https:\/\/nydalen.idrett.no\/orientering\/wp-json\/wp\/v2\/users\/1"}],"replies":[{"embeddable":true,"href":"https:\/\/nydalen.idrett.no\/orientering\/wp-json\/wp\/v2\/comments?post=6953"}],"version-history":[{"count":8,"href":"https:\/\/nydalen.idrett.no\/orientering\/wp-json\/wp\/v2\/posts\/6953\/revisions"}],"predecessor-version":[{"id":6962,"href":"https:\/\/nydalen.idrett.no\/orientering\/wp-json\/wp\/v2\/posts\/6953\/revisions\/6962"}],"wp:attachment":[{"href":"https:\/\/nydalen.idrett.no\/orientering\/wp-json\/wp\/v2\/media?parent=6953"}],"wp:term":[{"taxonomy":"category","embeddable":true,"href":"https:\/\/nydalen.idrett.no\/orientering\/wp-json\/wp\/v2\/categories?post=6953"},{"taxonomy":"post_tag","embeddable":true,"href":"https:\/\/nydalen.idrett.no\/orientering\/wp-json\/wp\/v2\/tags?post=6953"}],"curies":[{"name":"wp","href":"https:\/\/api.w.org\/{rel}","templated":true}]}}