{"id":6890,"date":"2012-08-04T23:08:37","date_gmt":"2012-08-04T21:08:37","guid":{"rendered":"http:\/\/nydalen.idrett.no\/orientering\/?p=6890"},"modified":"2012-08-16T12:06:18","modified_gmt":"2012-08-16T10:06:18","slug":"hovedlopet-sprint-stor-dag-for-nydalens-sk","status":"publish","type":"post","link":"https:\/\/nydalen.idrett.no\/orientering\/2012\/08\/04\/hovedlopet-sprint-stor-dag-for-nydalens-sk\/","title":{"rendered":"Hovedl\u00f8pet sprint &#8211; stor dag for Nydalens SK"},"content":{"rendered":"<p>Det ble en flott dag for Nydalens ungdommer p\u00e5 Hovedl\u00f8pets f\u00f8rste dag, der sprint i Lillehammer sentrum sto p\u00e5 programmet. Vi stilte med hele 22 l\u00f8pere til start &#8211; st\u00f8rste klubb! <!--more-->Kompleks kartlesing, glatt og v\u00e5t asfalt og stor fart &#8211; ingen ting stoppet de burgunderr\u00f8de. Helt til topps gikk Gjermund i H14 og Stine i D15. Anine tok en flott bronsemedalje i D16. Ellers er det verdt \u00e5 nevne \u00c5smunds 5. plass i H15 og Johannes 6. plass i D15. Ellers flere andre\u00a0p\u00e5 premieplass, og den gode HL-stemningen fikk alle. Resultater finner du her: <a href=\"http:\/\/eventor.orientering.no\/Events\/ResultList?eventId=825&amp;organisationId=245\">http:\/\/eventor.orientering.no\/Events\/ResultList?eventId=825&amp;organisationId=245<\/a><\/p>\n<p>I morgen er det langdistanse p\u00e5 Skeikampen med garantert mange, tunge myrer. Vi f\u00e5r krysse fingerene for at Evens disipler f\u00f8lger opp dagens gode innsats.<\/p>\n\n\t\t<style type=\"text\/css\">\n\t\t\t#gallery-1 {\n\t\t\t\tmargin: auto;\n\t\t\t}\n\t\t\t#gallery-1 .gallery-item {\n\t\t\t\tfloat: left;\n\t\t\t\tmargin-top: 10px;\n\t\t\t\ttext-align: center;\n\t\t\t\twidth: 100%;\n\t\t\t}\n\t\t\t#gallery-1 img {\n\t\t\t\tborder: 2px solid #cfcfcf;\n\t\t\t}\n\t\t\t#gallery-1 .gallery-caption {\n\t\t\t\tmargin-left: 0;\n\t\t\t}\n\t\t\t\/* see gallery_shortcode() in wp-includes\/media.php *\/\n\t\t<\/style>\n\t\t<div id='gallery-1' class='gallery galleryid-6890 gallery-columns-1 gallery-size-thumbnail'><dl class='gallery-item'>\n\t\t\t<dt class='gallery-icon landscape'>\n\t\t\t\t<a href='https:\/\/nydalen.idrett.no\/orientering\/wp-content\/uploads\/2012\/08\/1-orientering-008.jpg'><img loading=\"lazy\" decoding=\"async\" width=\"200\" height=\"200\" src=\"https:\/\/nydalen.idrett.no\/orientering\/wp-content\/uploads\/2012\/08\/1-orientering-008-200x200.jpg\" class=\"attachment-thumbnail size-thumbnail\" alt=\"\" \/><\/a>\n\t\t\t<\/dt><\/dl><br style=\"clear: both\" \/><dl class='gallery-item'>\n\t\t\t<dt class='gallery-icon landscape'>\n\t\t\t\t<a href='https:\/\/nydalen.idrett.no\/orientering\/wp-content\/uploads\/2012\/08\/1-orientering-033.jpg'><img loading=\"lazy\" decoding=\"async\" width=\"200\" height=\"200\" src=\"https:\/\/nydalen.idrett.no\/orientering\/wp-content\/uploads\/2012\/08\/1-orientering-033-200x200.jpg\" class=\"attachment-thumbnail size-thumbnail\" alt=\"\" \/><\/a>\n\t\t\t<\/dt><\/dl><br style=\"clear: both\" \/><dl class='gallery-item'>\n\t\t\t<dt class='gallery-icon landscape'>\n\t\t\t\t<a href='https:\/\/nydalen.idrett.no\/orientering\/wp-content\/uploads\/2012\/08\/1-orientering-026.jpg'><img loading=\"lazy\" decoding=\"async\" width=\"200\" height=\"200\" src=\"https:\/\/nydalen.idrett.no\/orientering\/wp-content\/uploads\/2012\/08\/1-orientering-026-200x200.jpg\" class=\"attachment-thumbnail size-thumbnail\" alt=\"\" \/><\/a>\n\t\t\t<\/dt><\/dl><br style=\"clear: both\" \/><dl class='gallery-item'>\n\t\t\t<dt class='gallery-icon landscape'>\n\t\t\t\t<a href='https:\/\/nydalen.idrett.no\/orientering\/wp-content\/uploads\/2012\/08\/1-orientering-022.jpg'><img loading=\"lazy\" decoding=\"async\" width=\"200\" height=\"200\" src=\"https:\/\/nydalen.idrett.no\/orientering\/wp-content\/uploads\/2012\/08\/1-orientering-022-200x200.jpg\" class=\"attachment-thumbnail size-thumbnail\" alt=\"\" \/><\/a>\n\t\t\t<\/dt><\/dl><br style=\"clear: both\" \/><dl class='gallery-item'>\n\t\t\t<dt class='gallery-icon landscape'>\n\t\t\t\t<a href='https:\/\/nydalen.idrett.no\/orientering\/wp-content\/uploads\/2012\/08\/1-orientering-012.jpg'><img loading=\"lazy\" decoding=\"async\" width=\"200\" height=\"200\" src=\"https:\/\/nydalen.idrett.no\/orientering\/wp-content\/uploads\/2012\/08\/1-orientering-012-200x200.jpg\" class=\"attachment-thumbnail size-thumbnail\" alt=\"\" \/><\/a>\n\t\t\t<\/dt><\/dl><br style=\"clear: both\" \/>\n\t\t<\/div>\n\n<p>&nbsp;<\/p>\n","protected":false},"excerpt":{"rendered":"<p>Det ble en flott dag for Nydalens ungdommer p\u00e5 Hovedl\u00f8pets f\u00f8rste dag, der sprint i Lillehammer sentrum sto p\u00e5 programmet. Vi stilte med hele 22 l\u00f8pere til start &#8211; st\u00f8rste klubb!<\/p>\n","protected":false},"author":12,"featured_media":0,"comment_status":"open","ping_status":"closed","sticky":false,"template":"","format":"standard","meta":{"footnotes":""},"categories":[15,20],"tags":[],"class_list":["post-6890","post","type-post","status-publish","format-standard","hentry","category-o-minner","category-ungdom-13-16-ar"],"_links":{"self":[{"href":"https:\/\/nydalen.idrett.no\/orientering\/wp-json\/wp\/v2\/posts\/6890","targetHints":{"allow":["GET"]}}],"collection":[{"href":"https:\/\/nydalen.idrett.no\/orientering\/wp-json\/wp\/v2\/posts"}],"about":[{"href":"https:\/\/nydalen.idrett.no\/orientering\/wp-json\/wp\/v2\/types\/post"}],"author":[{"embeddable":true,"href":"https:\/\/nydalen.idrett.no\/orientering\/wp-json\/wp\/v2\/users\/12"}],"replies":[{"embeddable":true,"href":"https:\/\/nydalen.idrett.no\/orientering\/wp-json\/wp\/v2\/comments?post=6890"}],"version-history":[{"count":5,"href":"https:\/\/nydalen.idrett.no\/orientering\/wp-json\/wp\/v2\/posts\/6890\/revisions"}],"predecessor-version":[{"id":7018,"href":"https:\/\/nydalen.idrett.no\/orientering\/wp-json\/wp\/v2\/posts\/6890\/revisions\/7018"}],"wp:attachment":[{"href":"https:\/\/nydalen.idrett.no\/orientering\/wp-json\/wp\/v2\/media?parent=6890"}],"wp:term":[{"taxonomy":"category","embeddable":true,"href":"https:\/\/nydalen.idrett.no\/orientering\/wp-json\/wp\/v2\/categories?post=6890"},{"taxonomy":"post_tag","embeddable":true,"href":"https:\/\/nydalen.idrett.no\/orientering\/wp-json\/wp\/v2\/tags?post=6890"}],"curies":[{"name":"wp","href":"https:\/\/api.w.org\/{rel}","templated":true}]}}