{"id":6883,"date":"2012-08-01T09:24:03","date_gmt":"2012-08-01T07:24:03","guid":{"rendered":"http:\/\/nydalen.idrett.no\/orientering\/?p=6883"},"modified":"2012-08-01T09:24:03","modified_gmt":"2012-08-01T07:24:03","slug":"draktene-er-kommet","status":"publish","type":"post","link":"https:\/\/nydalen.idrett.no\/orientering\/2012\/08\/01\/draktene-er-kommet\/","title":{"rendered":"Draktene er kommet."},"content":{"rendered":"<p>De som f\u00f8lger godt med, la kanskje merke til at Henriette og Elias stilte i nye drakter til premieutdelingen p\u00e5 O-Ringens 4.etappe (se egen nyhet). \u00a0Til alle som t\u00e5lmodig har ventet p\u00e5 o-drakter etter vinterens bestillinger, kommer en etterlengtet gladmelding fra Anne Stur\u00f8d: N\u00e5 er her!<!--more--><\/p>\n<p>Alle som har bestilt t\u00f8y kan n\u00e5 hente det hos Anne og Are i Arilds vei 3b.<\/p>\n<p>Familien Stur\u00f8d er hjemme fom. 31. juli. Ring eller send sms p\u00e5 forh\u00e5nd for \u00e5 sjekke at det er noen hjemme f\u00f8r du kommer. \u00a0(Mobil 932 59 460).<\/p>\n<p>Vi har noe ekstra t\u00f8y, s\u00e5 det er mulig \u00e5 f\u00e5 kj\u00f8pt t\u00f8y dersom du ikke fikk bestilt i v\u00e5r.<\/p>\n<p>Hilsen Anne<\/p>\n<p>Merk at vi har f\u00e5tt nye flotte overtrekksjakker:<br \/>\n<a href=\"http:\/\/nydalen.idrett.no\/orientering\/wp-content\/uploads\/2012\/08\/DrakterX.jpg\"><img loading=\"lazy\" decoding=\"async\" class=\"alignnone size-full wp-image-6884\" title=\"DrakterX\" src=\"http:\/\/nydalen.idrett.no\/orientering\/wp-content\/uploads\/2012\/08\/DrakterX.jpg\" alt=\"\" width=\"550\" height=\"420\" srcset=\"https:\/\/nydalen.idrett.no\/orientering\/wp-content\/uploads\/2012\/08\/DrakterX.jpg 550w, https:\/\/nydalen.idrett.no\/orientering\/wp-content\/uploads\/2012\/08\/DrakterX-500x381.jpg 500w\" sizes=\"auto, (max-width: 550px) 100vw, 550px\" \/><\/a><\/p>\n","protected":false},"excerpt":{"rendered":"<p>De som f\u00f8lger godt med, la kanskje merke til at Henriette og Elias stilte i nye drakter til premieutdelingen p\u00e5 O-Ringens 4.etappe (se egen nyhet). \u00a0Til alle som t\u00e5lmodig har ventet p\u00e5 o-drakter etter vinterens bestillinger, kommer en etterlengtet gladmelding &hellip; <a class=\"more-link\" href=\"https:\/\/nydalen.idrett.no\/orientering\/2012\/08\/01\/draktene-er-kommet\/\">Les videre <span class=\"meta-nav\">&rarr;<\/span><\/a><\/p>\n","protected":false},"author":4,"featured_media":0,"comment_status":"open","ping_status":"closed","sticky":false,"template":"","format":"standard","meta":{"footnotes":""},"categories":[7],"tags":[],"class_list":["post-6883","post","type-post","status-publish","format-standard","hentry","category-administrativt"],"_links":{"self":[{"href":"https:\/\/nydalen.idrett.no\/orientering\/wp-json\/wp\/v2\/posts\/6883","targetHints":{"allow":["GET"]}}],"collection":[{"href":"https:\/\/nydalen.idrett.no\/orientering\/wp-json\/wp\/v2\/posts"}],"about":[{"href":"https:\/\/nydalen.idrett.no\/orientering\/wp-json\/wp\/v2\/types\/post"}],"author":[{"embeddable":true,"href":"https:\/\/nydalen.idrett.no\/orientering\/wp-json\/wp\/v2\/users\/4"}],"replies":[{"embeddable":true,"href":"https:\/\/nydalen.idrett.no\/orientering\/wp-json\/wp\/v2\/comments?post=6883"}],"version-history":[{"count":2,"href":"https:\/\/nydalen.idrett.no\/orientering\/wp-json\/wp\/v2\/posts\/6883\/revisions"}],"predecessor-version":[{"id":6887,"href":"https:\/\/nydalen.idrett.no\/orientering\/wp-json\/wp\/v2\/posts\/6883\/revisions\/6887"}],"wp:attachment":[{"href":"https:\/\/nydalen.idrett.no\/orientering\/wp-json\/wp\/v2\/media?parent=6883"}],"wp:term":[{"taxonomy":"category","embeddable":true,"href":"https:\/\/nydalen.idrett.no\/orientering\/wp-json\/wp\/v2\/categories?post=6883"},{"taxonomy":"post_tag","embeddable":true,"href":"https:\/\/nydalen.idrett.no\/orientering\/wp-json\/wp\/v2\/tags?post=6883"}],"curies":[{"name":"wp","href":"https:\/\/api.w.org\/{rel}","templated":true}]}}