{"id":6656,"date":"2012-06-15T09:53:02","date_gmt":"2012-06-15T07:53:02","guid":{"rendered":"http:\/\/nydalen.idrett.no\/orientering\/?p=6656"},"modified":"2012-06-15T09:53:02","modified_gmt":"2012-06-15T07:53:02","slug":"unionsmatch-i-uddevalla","status":"publish","type":"post","link":"https:\/\/nydalen.idrett.no\/orientering\/2012\/06\/15\/unionsmatch-i-uddevalla\/","title":{"rendered":"Unionsmatch i Uddevalla"},"content":{"rendered":"<p>Nydalen stilte med 5 l\u00f8pere (Stine, Henriette, Elias J, Gjermund, Vebj\u00f8rn) + en reserve (J\u00f8rgen W.) i den individuelle konkurransen l\u00f8rdag 9. Juni.<\/p>\n<div id=\"attachment_6657\" style=\"width: 510px\" class=\"wp-caption alignnone\"><a href=\"http:\/\/nydalen.idrett.no\/orientering\/wp-content\/uploads\/2012\/06\/Import-fra-mobil-11.06.12-471.jpg\"><img loading=\"lazy\" decoding=\"async\" aria-describedby=\"caption-attachment-6657\" class=\"size-medium wp-image-6657\" title=\"Import fra mobil 11.06.12 471\" src=\"http:\/\/nydalen.idrett.no\/orientering\/wp-content\/uploads\/2012\/06\/Import-fra-mobil-11.06.12-471-500x375.jpg\" alt=\"\" width=\"500\" height=\"375\" \/><\/a><p id=\"caption-attachment-6657\" class=\"wp-caption-text\">God stafettl\u00f8ping av Gjermund og Elias<\/p><\/div>\n<p><!--more-->Arrang\u00f8ren hadde lagt krevende l\u00f8yper i lett kupert, men tungt myrterreng. Henriette endte p\u00e5 4. Plass i D14, Stine nr 21 i D16, Gjermund 8, og Elias J 16 i H14, mens Vebj\u00f8rn ble nr. 29 i H16.<\/p>\n<p>&nbsp;<\/p>\n<div id=\"attachment_6658\" style=\"width: 471px\" class=\"wp-caption alignnone\"><a href=\"http:\/\/nydalen.idrett.no\/orientering\/wp-content\/uploads\/2012\/06\/IMG_0900.jpg\"><img loading=\"lazy\" decoding=\"async\" aria-describedby=\"caption-attachment-6658\" class=\"size-medium wp-image-6658\" title=\"IMG_0900\" src=\"http:\/\/nydalen.idrett.no\/orientering\/wp-content\/uploads\/2012\/06\/IMG_0900-461x500.jpg\" alt=\"\" width=\"461\" height=\"500\" srcset=\"https:\/\/nydalen.idrett.no\/orientering\/wp-content\/uploads\/2012\/06\/IMG_0900-461x500.jpg 461w, https:\/\/nydalen.idrett.no\/orientering\/wp-content\/uploads\/2012\/06\/IMG_0900.jpg 473w\" sizes=\"auto, (max-width: 461px) 100vw, 461px\" \/><\/a><p id=\"caption-attachment-6658\" class=\"wp-caption-text\">Vebj\u00f8rn<\/p><\/div>\n<p>S\u00f8ndag stilte AOOK med 7 lag og et reservelag. Alle Nydalens l\u00f8pere l\u00f8p gode etapper. Stine vekslet p\u00e5 9. p\u00e5 f\u00f8rste etappe, Gjermund l\u00f8p sitt lag opp i tet p\u00e5 andre etappe, mens Elias vekslet som nr. 3 p\u00e5 samme etappe. Vebj\u00f8rn l\u00f8p en bra sisteetappe p\u00e5 AOOK\u2019s \u00a07.LAG som endte p\u00e5 6. Plass.<\/p>\n<div id=\"attachment_6660\" style=\"width: 510px\" class=\"wp-caption alignnone\"><a href=\"http:\/\/nydalen.idrett.no\/orientering\/wp-content\/uploads\/2012\/06\/IMG_1044.jpg\"><img loading=\"lazy\" decoding=\"async\" aria-describedby=\"caption-attachment-6660\" class=\"size-medium wp-image-6660\" title=\"IMG_1044\" src=\"http:\/\/nydalen.idrett.no\/orientering\/wp-content\/uploads\/2012\/06\/IMG_1044-500x337.jpg\" alt=\"\" width=\"500\" height=\"337\" srcset=\"https:\/\/nydalen.idrett.no\/orientering\/wp-content\/uploads\/2012\/06\/IMG_1044-500x337.jpg 500w, https:\/\/nydalen.idrett.no\/orientering\/wp-content\/uploads\/2012\/06\/IMG_1044.jpg 912w\" sizes=\"auto, (max-width: 500px) 100vw, 500px\" \/><\/a><p id=\"caption-attachment-6660\" class=\"wp-caption-text\">Henriette ble beste NSK&#39;er med en sterk 4.plass l\u00f8rdag<\/p><\/div>\n<div id=\"attachment_6659\" style=\"width: 510px\" class=\"wp-caption alignnone\"><a href=\"http:\/\/nydalen.idrett.no\/orientering\/wp-content\/uploads\/2012\/06\/IMG_0972.jpg\"><img loading=\"lazy\" decoding=\"async\" aria-describedby=\"caption-attachment-6659\" class=\"size-medium wp-image-6659\" title=\"IMG_0972\" src=\"http:\/\/nydalen.idrett.no\/orientering\/wp-content\/uploads\/2012\/06\/IMG_0972-500x421.jpg\" alt=\"\" width=\"500\" height=\"421\" srcset=\"https:\/\/nydalen.idrett.no\/orientering\/wp-content\/uploads\/2012\/06\/IMG_0972-500x421.jpg 500w, https:\/\/nydalen.idrett.no\/orientering\/wp-content\/uploads\/2012\/06\/IMG_0972.jpg 576w\" sizes=\"auto, (max-width: 500px) 100vw, 500px\" \/><\/a><p id=\"caption-attachment-6659\" class=\"wp-caption-text\">Stine<\/p><\/div>\n","protected":false},"excerpt":{"rendered":"<p>Nydalen stilte med 5 l\u00f8pere (Stine, Henriette, Elias J, Gjermund, Vebj\u00f8rn) + en reserve (J\u00f8rgen W.) i den individuelle konkurransen l\u00f8rdag 9. Juni.<\/p>\n","protected":false},"author":29,"featured_media":0,"comment_status":"open","ping_status":"closed","sticky":false,"template":"","format":"standard","meta":{"footnotes":""},"categories":[20],"tags":[],"class_list":["post-6656","post","type-post","status-publish","format-standard","hentry","category-ungdom-13-16-ar"],"_links":{"self":[{"href":"https:\/\/nydalen.idrett.no\/orientering\/wp-json\/wp\/v2\/posts\/6656","targetHints":{"allow":["GET"]}}],"collection":[{"href":"https:\/\/nydalen.idrett.no\/orientering\/wp-json\/wp\/v2\/posts"}],"about":[{"href":"https:\/\/nydalen.idrett.no\/orientering\/wp-json\/wp\/v2\/types\/post"}],"author":[{"embeddable":true,"href":"https:\/\/nydalen.idrett.no\/orientering\/wp-json\/wp\/v2\/users\/29"}],"replies":[{"embeddable":true,"href":"https:\/\/nydalen.idrett.no\/orientering\/wp-json\/wp\/v2\/comments?post=6656"}],"version-history":[{"count":3,"href":"https:\/\/nydalen.idrett.no\/orientering\/wp-json\/wp\/v2\/posts\/6656\/revisions"}],"predecessor-version":[{"id":6663,"href":"https:\/\/nydalen.idrett.no\/orientering\/wp-json\/wp\/v2\/posts\/6656\/revisions\/6663"}],"wp:attachment":[{"href":"https:\/\/nydalen.idrett.no\/orientering\/wp-json\/wp\/v2\/media?parent=6656"}],"wp:term":[{"taxonomy":"category","embeddable":true,"href":"https:\/\/nydalen.idrett.no\/orientering\/wp-json\/wp\/v2\/categories?post=6656"},{"taxonomy":"post_tag","embeddable":true,"href":"https:\/\/nydalen.idrett.no\/orientering\/wp-json\/wp\/v2\/tags?post=6656"}],"curies":[{"name":"wp","href":"https:\/\/api.w.org\/{rel}","templated":true}]}}