{"id":6232,"date":"2012-05-08T08:41:36","date_gmt":"2012-05-08T06:41:36","guid":{"rendered":"http:\/\/nydalen.idrett.no\/orientering\/?p=6232"},"modified":"2012-05-09T22:33:09","modified_gmt":"2012-05-09T20:33:09","slug":"grefsenkollen-opp-test-2","status":"publish","type":"post","link":"https:\/\/nydalen.idrett.no\/orientering\/2012\/05\/08\/grefsenkollen-opp-test-2\/","title":{"rendered":"Grefsenkollen Opp &#8211; Testl\u00f8p 9. mai"},"content":{"rendered":"<p>Onsdag 9. mai ble det arrangert testl\u00f8p for Grefsenkollen Opp. <!--more--><\/p>\n<p>En liten gjeng ivrige bakkel\u00f8pere i alderen 13-50 \u00e5r benyttet anledningen til \u00e5<br \/>\nteste bakken, tre uker f\u00f8r \u00e5rets Grefsenkollen Opp. Testen ble gjennomf\u00f8rt med fellesstart i Muselunden og manuell tidtaking.<\/p>\n<p><a href=\"http:\/\/nydalen.idrett.no\/orientering\/wp-content\/uploads\/2012\/05\/Testspringer.jpg\"><img loading=\"lazy\" decoding=\"async\" class=\"alignnone size-full wp-image-6255\" title=\"Testspringer\" src=\"http:\/\/nydalen.idrett.no\/orientering\/wp-content\/uploads\/2012\/05\/Testspringer.jpg\" alt=\"\" width=\"550\" height=\"439\" srcset=\"https:\/\/nydalen.idrett.no\/orientering\/wp-content\/uploads\/2012\/05\/Testspringer.jpg 550w, https:\/\/nydalen.idrett.no\/orientering\/wp-content\/uploads\/2012\/05\/Testspringer-500x399.jpg 500w\" sizes=\"auto, (max-width: 550px) 100vw, 550px\" \/><\/a><br \/>\nFull fres mot et av byens flotteste utsiktspunkt<\/p>\n<p>Uoffisielle tider :<\/p>\n<p>1 Magne 20.34<br \/>\n2 Elias 20.44<br \/>\n3 P\u00e5l 20.58<br \/>\n4 Simen 21.47<br \/>\n5 Espen 22.01<br \/>\n6 Harald 22.02<br \/>\n7 Inger 22.22<br \/>\n8 Jan 22.54<br \/>\n9 Per Arne 23.30<br \/>\n10 Henriette 24.28<br \/>\n11 Aslak 24.45<br \/>\n12 Maria 25.39<br \/>\n13 Sigurd 26.39<br \/>\n14 Synne 27.49<\/p>\n<p>Traseen ser du her:<a href=\"http:\/\/nydalen.idrett.no\/orientering\/wp-content\/uploads\/2012\/05\/GrefsenkollenOppTrase.jpg\"><img loading=\"lazy\" decoding=\"async\" class=\"alignnone size-full wp-image-6233\" title=\"GrefsenkollenOppTrase\" src=\"http:\/\/nydalen.idrett.no\/orientering\/wp-content\/uploads\/2012\/05\/GrefsenkollenOppTrase.jpg\" alt=\"\" width=\"550\" height=\"417\" srcset=\"https:\/\/nydalen.idrett.no\/orientering\/wp-content\/uploads\/2012\/05\/GrefsenkollenOppTrase.jpg 550w, https:\/\/nydalen.idrett.no\/orientering\/wp-content\/uploads\/2012\/05\/GrefsenkollenOppTrase-500x379.jpg 500w\" sizes=\"auto, (max-width: 550px) 100vw, 550px\" \/><\/a><\/p>\n<p>\u00c5rets Grefsenkollen Opp\u00a0g\u00e5r av stabelen s\u00f8ndag 3. juni kl 1400.<\/p>\n<p>I fjor hadde vi over 400 l\u00f8pere. Setter vi ny deltakerrekord i \u00e5r?<br \/>\nF\u00e5 med venner og kjente, naboer og kollegaer, og meld dere p\u00e5!<\/p>\n<p>P\u00e5melding\u00a0<a href=\"https:\/\/www.deltager.no\/grefsenkollen_opp_2012_03062012\">via web<\/a>, \u00a0p\u00e5meldingsfrist er 23. mai.\u00a0Mer info p\u00e5 \u00a0<a href=\"http:\/\/grefsenkollenopp.no\/\">grefsenkollenopp.no.<\/a><\/p>\n<p>Velkommen i bakken !<\/p>\n","protected":false},"excerpt":{"rendered":"<p>Onsdag 9. mai ble det arrangert testl\u00f8p for Grefsenkollen Opp.<\/p>\n","protected":false},"author":4,"featured_media":0,"comment_status":"open","ping_status":"closed","sticky":false,"template":"","format":"standard","meta":{"footnotes":""},"categories":[7],"tags":[],"class_list":["post-6232","post","type-post","status-publish","format-standard","hentry","category-administrativt"],"_links":{"self":[{"href":"https:\/\/nydalen.idrett.no\/orientering\/wp-json\/wp\/v2\/posts\/6232","targetHints":{"allow":["GET"]}}],"collection":[{"href":"https:\/\/nydalen.idrett.no\/orientering\/wp-json\/wp\/v2\/posts"}],"about":[{"href":"https:\/\/nydalen.idrett.no\/orientering\/wp-json\/wp\/v2\/types\/post"}],"author":[{"embeddable":true,"href":"https:\/\/nydalen.idrett.no\/orientering\/wp-json\/wp\/v2\/users\/4"}],"replies":[{"embeddable":true,"href":"https:\/\/nydalen.idrett.no\/orientering\/wp-json\/wp\/v2\/comments?post=6232"}],"version-history":[{"count":8,"href":"https:\/\/nydalen.idrett.no\/orientering\/wp-json\/wp\/v2\/posts\/6232\/revisions"}],"predecessor-version":[{"id":6237,"href":"https:\/\/nydalen.idrett.no\/orientering\/wp-json\/wp\/v2\/posts\/6232\/revisions\/6237"}],"wp:attachment":[{"href":"https:\/\/nydalen.idrett.no\/orientering\/wp-json\/wp\/v2\/media?parent=6232"}],"wp:term":[{"taxonomy":"category","embeddable":true,"href":"https:\/\/nydalen.idrett.no\/orientering\/wp-json\/wp\/v2\/categories?post=6232"},{"taxonomy":"post_tag","embeddable":true,"href":"https:\/\/nydalen.idrett.no\/orientering\/wp-json\/wp\/v2\/tags?post=6232"}],"curies":[{"name":"wp","href":"https:\/\/api.w.org\/{rel}","templated":true}]}}