{"id":6197,"date":"2012-05-08T00:07:20","date_gmt":"2012-05-07T22:07:20","guid":{"rendered":"http:\/\/nydalen.idrett.no\/orientering\/?p=6197"},"modified":"2012-05-08T00:33:48","modified_gmt":"2012-05-07T22:33:48","slug":"glimt-fra-tiomila","status":"publish","type":"post","link":"https:\/\/nydalen.idrett.no\/orientering\/2012\/05\/08\/glimt-fra-tiomila\/","title":{"rendered":"Glimt fra Tiomila"},"content":{"rendered":"<p><a href=\"http:\/\/nydalen.idrett.no\/orientering\/wp-content\/uploads\/2012\/05\/U0_Vebj\u00f8rn_200.jpg\"><img loading=\"lazy\" decoding=\"async\" class=\"alignright size-full wp-image-6198\" title=\"U0_Vebj\u00f8rn_200\" src=\"http:\/\/nydalen.idrett.no\/orientering\/wp-content\/uploads\/2012\/05\/U0_Vebj\u00f8rn_200.jpg\" alt=\"\" width=\"200\" height=\"149\" \/><\/a>Her er noen glimt fra \u00e5rets Tiomila.<\/p>\n<p>&nbsp;<\/p>\n<p>Gode forberedelser og godt hum\u00f8r gj\u00f8r slike o-turer til en opplevelse for b\u00e5de debutanter og veteraner. \u00a0N\u00e5r prestasjonene i skogen ogs\u00e5 er gode, er det moro \u00e5 v\u00e6re p\u00e5 tur.<!--more--><\/p>\n<p><a href=\"http:\/\/nydalen.idrett.no\/orientering\/wp-content\/uploads\/2012\/05\/U1_KlarForStart.jpg\"><img loading=\"lazy\" decoding=\"async\" class=\"alignnone size-full wp-image-6199\" title=\"U1_KlarForStart\" src=\"http:\/\/nydalen.idrett.no\/orientering\/wp-content\/uploads\/2012\/05\/U1_KlarForStart.jpg\" alt=\"\" width=\"550\" height=\"377\" srcset=\"https:\/\/nydalen.idrett.no\/orientering\/wp-content\/uploads\/2012\/05\/U1_KlarForStart.jpg 550w, https:\/\/nydalen.idrett.no\/orientering\/wp-content\/uploads\/2012\/05\/U1_KlarForStart-500x342.jpg 500w\" sizes=\"auto, (max-width: 550px) 100vw, 550px\" \/><\/a><br \/>\nKlare for \u00e5rets Tiomila ! \u00a0Gangavstand fra kaserna til arena<\/p>\n<p><a href=\"http:\/\/nydalen.idrett.no\/orientering\/wp-content\/uploads\/2012\/05\/M2_Quiz.jpg\"><img loading=\"lazy\" decoding=\"async\" class=\"alignnone size-full wp-image-6200\" title=\"M2_Quiz\" src=\"http:\/\/nydalen.idrett.no\/orientering\/wp-content\/uploads\/2012\/05\/M2_Quiz.jpg\" alt=\"\" width=\"550\" height=\"431\" srcset=\"https:\/\/nydalen.idrett.no\/orientering\/wp-content\/uploads\/2012\/05\/M2_Quiz.jpg 550w, https:\/\/nydalen.idrett.no\/orientering\/wp-content\/uploads\/2012\/05\/M2_Quiz-500x391.jpg 500w\" sizes=\"auto, (max-width: 550px) 100vw, 550px\" \/><\/a><br \/>\nH16-quiz i bussen. Veteranene var &#8216;blanke&#8217; p\u00e5 tema &#8220;film&#8221;, og ble most av ungdommene.<\/p>\n<p><a href=\"http:\/\/nydalen.idrett.no\/orientering\/wp-content\/uploads\/2012\/05\/M1_Formaninger.jpg\"><img loading=\"lazy\" decoding=\"async\" class=\"alignnone size-full wp-image-6201\" title=\"M1_Formaninger\" src=\"http:\/\/nydalen.idrett.no\/orientering\/wp-content\/uploads\/2012\/05\/M1_Formaninger.jpg\" alt=\"\" width=\"550\" height=\"465\" srcset=\"https:\/\/nydalen.idrett.no\/orientering\/wp-content\/uploads\/2012\/05\/M1_Formaninger.jpg 550w, https:\/\/nydalen.idrett.no\/orientering\/wp-content\/uploads\/2012\/05\/M1_Formaninger-500x422.jpg 500w\" sizes=\"auto, (max-width: 550px) 100vw, 550px\" \/><\/a><br \/>\nInfo og formaninger. Eller var det bare en p\u00e5minnelse om \u00e5 ha det g\u00f8y?<\/p>\n<p><a href=\"http:\/\/nydalen.idrett.no\/orientering\/wp-content\/uploads\/2012\/05\/U2_UStart.jpg\"><img loading=\"lazy\" decoding=\"async\" class=\"alignnone size-full wp-image-6202\" title=\"U2_UStart\" src=\"http:\/\/nydalen.idrett.no\/orientering\/wp-content\/uploads\/2012\/05\/U2_UStart.jpg\" alt=\"\" width=\"550\" height=\"379\" srcset=\"https:\/\/nydalen.idrett.no\/orientering\/wp-content\/uploads\/2012\/05\/U2_UStart.jpg 550w, https:\/\/nydalen.idrett.no\/orientering\/wp-content\/uploads\/2012\/05\/U2_UStart-500x344.jpg 500w\" sizes=\"auto, (max-width: 550px) 100vw, 550px\" \/><\/a><br \/>\nStarten g\u00e5r, med 8 av 300 i burgunder. Noen av dem veeldig langt framme<\/p>\n<p><a href=\"http:\/\/nydalen.idrett.no\/orientering\/wp-content\/uploads\/2012\/05\/T1_Espen.jpg\"><img loading=\"lazy\" decoding=\"async\" class=\"alignnone size-full wp-image-6203\" title=\"T1_Espen\" src=\"http:\/\/nydalen.idrett.no\/orientering\/wp-content\/uploads\/2012\/05\/T1_Espen.jpg\" alt=\"\" width=\"550\" height=\"544\" srcset=\"https:\/\/nydalen.idrett.no\/orientering\/wp-content\/uploads\/2012\/05\/T1_Espen.jpg 550w, https:\/\/nydalen.idrett.no\/orientering\/wp-content\/uploads\/2012\/05\/T1_Espen-500x494.jpg 500w\" sizes=\"auto, (max-width: 550px) 100vw, 550px\" \/><\/a><br \/>\nEspen p\u00e5 tredjelaget kom f\u00f8rst av v\u00e5re til siste post. Superkonsentrasjon<\/p>\n<p><a href=\"http:\/\/nydalen.idrett.no\/orientering\/wp-content\/uploads\/2012\/05\/U3_Espen.jpg\"><img loading=\"lazy\" decoding=\"async\" class=\"alignnone size-full wp-image-6204\" title=\"U3_Espen\" src=\"http:\/\/nydalen.idrett.no\/orientering\/wp-content\/uploads\/2012\/05\/U3_Espen.jpg\" alt=\"\" width=\"550\" height=\"450\" srcset=\"https:\/\/nydalen.idrett.no\/orientering\/wp-content\/uploads\/2012\/05\/U3_Espen.jpg 550w, https:\/\/nydalen.idrett.no\/orientering\/wp-content\/uploads\/2012\/05\/U3_Espen-500x409.jpg 500w\" sizes=\"auto, (max-width: 550px) 100vw, 550px\" \/><br \/>\n<\/a>Bare spurten igjen. (Kule str\u00f8mper&#8230;)<\/p>\n<p><a href=\"http:\/\/nydalen.idrett.no\/orientering\/wp-content\/uploads\/2012\/05\/T2_F\u00f8rsteEtp.jpg\"><img loading=\"lazy\" decoding=\"async\" class=\"alignnone size-full wp-image-6205\" title=\"T2_F\u00f8rsteEtp\" src=\"http:\/\/nydalen.idrett.no\/orientering\/wp-content\/uploads\/2012\/05\/T2_F\u00f8rsteEtp.jpg\" alt=\"\" width=\"550\" height=\"400\" srcset=\"https:\/\/nydalen.idrett.no\/orientering\/wp-content\/uploads\/2012\/05\/T2_F\u00f8rsteEtp.jpg 550w, https:\/\/nydalen.idrett.no\/orientering\/wp-content\/uploads\/2012\/05\/T2_F\u00f8rsteEtp-500x363.jpg 500w\" sizes=\"auto, (max-width: 550px) 100vw, 550px\" \/><\/a><br \/>\nElias(13), Gjermund(14) og Espen (13). Sv\u00e6rt forn\u00f8yde f\u00f8rsteetappel\u00f8pere<\/p>\n<p><a href=\"http:\/\/nydalen.idrett.no\/orientering\/wp-content\/uploads\/2012\/05\/T3_StineOda.jpg\"><img loading=\"lazy\" decoding=\"async\" class=\"alignnone size-full wp-image-6206\" title=\"T3_StineOda\" src=\"http:\/\/nydalen.idrett.no\/orientering\/wp-content\/uploads\/2012\/05\/T3_StineOda.jpg\" alt=\"\" width=\"550\" height=\"395\" srcset=\"https:\/\/nydalen.idrett.no\/orientering\/wp-content\/uploads\/2012\/05\/T3_StineOda.jpg 550w, https:\/\/nydalen.idrett.no\/orientering\/wp-content\/uploads\/2012\/05\/T3_StineOda-500x359.jpg 500w\" sizes=\"auto, (max-width: 550px) 100vw, 550px\" \/><\/a><br \/>\nStine og Oda; andreetappen er unnagjort.<\/p>\n<p><a href=\"http:\/\/nydalen.idrett.no\/orientering\/wp-content\/uploads\/2012\/05\/U4_Henriette.jpg\"><img loading=\"lazy\" decoding=\"async\" class=\"alignnone size-full wp-image-6207\" title=\"U4_Henriette\" src=\"http:\/\/nydalen.idrett.no\/orientering\/wp-content\/uploads\/2012\/05\/U4_Henriette.jpg\" alt=\"\" width=\"550\" height=\"327\" srcset=\"https:\/\/nydalen.idrett.no\/orientering\/wp-content\/uploads\/2012\/05\/U4_Henriette.jpg 550w, https:\/\/nydalen.idrett.no\/orientering\/wp-content\/uploads\/2012\/05\/U4_Henriette-500x297.jpg 500w\" sizes=\"auto, (max-width: 550px) 100vw, 550px\" \/><\/a><br \/>\nNydalens heiagjeng gir Henriette en ekstra push<\/p>\n<p><a href=\"http:\/\/nydalen.idrett.no\/orientering\/wp-content\/uploads\/2012\/05\/T4_Henriette.jpg\"><img loading=\"lazy\" decoding=\"async\" class=\"alignnone size-full wp-image-6208\" title=\"T4_Henriette\" src=\"http:\/\/nydalen.idrett.no\/orientering\/wp-content\/uploads\/2012\/05\/T4_Henriette.jpg\" alt=\"\" width=\"407\" height=\"600\" srcset=\"https:\/\/nydalen.idrett.no\/orientering\/wp-content\/uploads\/2012\/05\/T4_Henriette.jpg 407w, https:\/\/nydalen.idrett.no\/orientering\/wp-content\/uploads\/2012\/05\/T4_Henriette-339x500.jpg 339w\" sizes=\"auto, (max-width: 407px) 100vw, 407px\" \/><\/a><br \/>\nFantastisk tredjeetappe \u00a0av Henriette(13) p\u00e5 NSK2<\/p>\n<p><a href=\"http:\/\/nydalen.idrett.no\/orientering\/wp-content\/uploads\/2012\/05\/U4_Tore.jpg\"><img loading=\"lazy\" decoding=\"async\" class=\"alignnone size-full wp-image-6209\" title=\"U4_Tore\" src=\"http:\/\/nydalen.idrett.no\/orientering\/wp-content\/uploads\/2012\/05\/U4_Tore.jpg\" alt=\"\" width=\"550\" height=\"523\" srcset=\"https:\/\/nydalen.idrett.no\/orientering\/wp-content\/uploads\/2012\/05\/U4_Tore.jpg 550w, https:\/\/nydalen.idrett.no\/orientering\/wp-content\/uploads\/2012\/05\/U4_Tore-500x475.jpg 500w\" sizes=\"auto, (max-width: 550px) 100vw, 550px\" \/><br \/>\n<\/a>8 lag inkl &#8220;par&#8221;= 36 unge l\u00f8pere. Tore H spurter friskt<\/p>\n<p><a href=\"http:\/\/nydalen.idrett.no\/orientering\/wp-content\/uploads\/2012\/05\/T4_Vebj\u00f8rn.jpg\"><img loading=\"lazy\" decoding=\"async\" class=\"alignnone size-full wp-image-6210\" title=\"T4_Vebj\u00f8rn\" src=\"http:\/\/nydalen.idrett.no\/orientering\/wp-content\/uploads\/2012\/05\/T4_Vebj\u00f8rn.jpg\" alt=\"\" width=\"460\" height=\"600\" srcset=\"https:\/\/nydalen.idrett.no\/orientering\/wp-content\/uploads\/2012\/05\/T4_Vebj\u00f8rn.jpg 460w, https:\/\/nydalen.idrett.no\/orientering\/wp-content\/uploads\/2012\/05\/T4_Vebj\u00f8rn-383x500.jpg 383w\" sizes=\"auto, (max-width: 460px) 100vw, 460px\" \/><\/a><br \/>\nVebj\u00f8rn stempler p\u00e5 siste post &#8230;<\/p>\n<p><a href=\"http:\/\/nydalen.idrett.no\/orientering\/wp-content\/uploads\/2012\/05\/U6_Vebj\u00f8rn.jpg\"><img loading=\"lazy\" decoding=\"async\" class=\"alignnone size-full wp-image-6212\" title=\"U6_Vebj\u00f8rn\" src=\"http:\/\/nydalen.idrett.no\/orientering\/wp-content\/uploads\/2012\/05\/U6_Vebj\u00f8rn.jpg\" alt=\"\" width=\"550\" height=\"419\" srcset=\"https:\/\/nydalen.idrett.no\/orientering\/wp-content\/uploads\/2012\/05\/U6_Vebj\u00f8rn.jpg 550w, https:\/\/nydalen.idrett.no\/orientering\/wp-content\/uploads\/2012\/05\/U6_Vebj\u00f8rn-500x380.jpg 500w\" sizes=\"auto, (max-width: 550px) 100vw, 550px\" \/><\/a><br \/>\n&#8230; og l\u00f8per NSK2 inn til en kjempeflott 14.plass.<\/p>\n<p><a href=\"http:\/\/nydalen.idrett.no\/orientering\/wp-content\/uploads\/2012\/05\/U7_JorgenWu.jpg\"><img loading=\"lazy\" decoding=\"async\" class=\"alignnone size-full wp-image-6213\" title=\"U7_JorgenWu\" src=\"http:\/\/nydalen.idrett.no\/orientering\/wp-content\/uploads\/2012\/05\/U7_JorgenWu.jpg\" alt=\"\" width=\"550\" height=\"489\" srcset=\"https:\/\/nydalen.idrett.no\/orientering\/wp-content\/uploads\/2012\/05\/U7_JorgenWu.jpg 550w, https:\/\/nydalen.idrett.no\/orientering\/wp-content\/uploads\/2012\/05\/U7_JorgenWu-500x444.jpg 500w\" sizes=\"auto, (max-width: 550px) 100vw, 550px\" \/><\/a><br \/>\nFlere sisteetappel\u00f8pere. J\u00f8rgen Wu (13) debuterer med 6.5 km.<br \/>\nLangt? Vanskelig ? Hva var sp\u00f8rsm\u00e5let?<\/p>\n<p>(Vi savner dessverre gode bilder fra damestafetten. Er det noen som kan bidra? )<\/p>\n<p><a href=\"http:\/\/nydalen.idrett.no\/orientering\/wp-content\/uploads\/2012\/05\/H1_Jerry.jpg\"><img loading=\"lazy\" decoding=\"async\" class=\"alignnone size-full wp-image-6214\" title=\"H1_Jerry\" src=\"http:\/\/nydalen.idrett.no\/orientering\/wp-content\/uploads\/2012\/05\/H1_Jerry.jpg\" alt=\"\" width=\"550\" height=\"466\" srcset=\"https:\/\/nydalen.idrett.no\/orientering\/wp-content\/uploads\/2012\/05\/H1_Jerry.jpg 550w, https:\/\/nydalen.idrett.no\/orientering\/wp-content\/uploads\/2012\/05\/H1_Jerry-500x423.jpg 500w\" sizes=\"auto, (max-width: 550px) 100vw, 550px\" \/><\/a><br \/>\nGjermund representerer hum\u00f8ret i teltet. F\u00f8r Start &#8230;<\/p>\n<p><a href=\"http:\/\/nydalen.idrett.no\/orientering\/wp-content\/uploads\/2012\/05\/H3_Start.jpg\"><img loading=\"lazy\" decoding=\"async\" class=\"alignnone size-full wp-image-6215\" title=\"H3_Start\" src=\"http:\/\/nydalen.idrett.no\/orientering\/wp-content\/uploads\/2012\/05\/H3_Start.jpg\" alt=\"\" width=\"550\" height=\"361\" srcset=\"https:\/\/nydalen.idrett.no\/orientering\/wp-content\/uploads\/2012\/05\/H3_Start.jpg 550w, https:\/\/nydalen.idrett.no\/orientering\/wp-content\/uploads\/2012\/05\/H3_Start-500x328.jpg 500w\" sizes=\"auto, (max-width: 550px) 100vw, 550px\" \/><\/a><br \/>\n21.30 Herrestart, som sedvanlig; spektakul\u00e6rt<\/p>\n<p><a href=\"http:\/\/nydalen.idrett.no\/orientering\/wp-content\/uploads\/2012\/05\/H4_Start.jpg\"><img loading=\"lazy\" decoding=\"async\" class=\"alignnone size-full wp-image-6216\" title=\"H4_Start\" src=\"http:\/\/nydalen.idrett.no\/orientering\/wp-content\/uploads\/2012\/05\/H4_Start.jpg\" alt=\"\" width=\"550\" height=\"459\" srcset=\"https:\/\/nydalen.idrett.no\/orientering\/wp-content\/uploads\/2012\/05\/H4_Start.jpg 550w, https:\/\/nydalen.idrett.no\/orientering\/wp-content\/uploads\/2012\/05\/H4_Start-500x417.jpg 500w\" sizes=\"auto, (max-width: 550px) 100vw, 550px\" \/><\/a><br \/>\nOg fullm\u00e5nen lyser &#8230;<\/p>\n<p><a href=\"http:\/\/nydalen.idrett.no\/orientering\/wp-content\/uploads\/2012\/05\/HumorPaTopp.jpg\"><img loading=\"lazy\" decoding=\"async\" class=\"alignnone size-full wp-image-6224\" title=\"HumorPaTopp\" src=\"http:\/\/nydalen.idrett.no\/orientering\/wp-content\/uploads\/2012\/05\/HumorPaTopp.jpg\" alt=\"\" width=\"550\" height=\"413\" srcset=\"https:\/\/nydalen.idrett.no\/orientering\/wp-content\/uploads\/2012\/05\/HumorPaTopp.jpg 550w, https:\/\/nydalen.idrett.no\/orientering\/wp-content\/uploads\/2012\/05\/HumorPaTopp-500x375.jpg 500w\" sizes=\"auto, (max-width: 550px) 100vw, 550px\" \/><\/a><br \/>\nHum\u00f8ret i gjengen var p\u00e5 topp &#8230;<\/p>\n<p><a href=\"http:\/\/nydalen.idrett.no\/orientering\/wp-content\/uploads\/2012\/05\/NestenHeleTiden.jpg\"><img loading=\"lazy\" decoding=\"async\" class=\"alignnone size-full wp-image-6225\" title=\"NestenHeleTiden\" src=\"http:\/\/nydalen.idrett.no\/orientering\/wp-content\/uploads\/2012\/05\/NestenHeleTiden.jpg\" alt=\"\" width=\"550\" height=\"359\" srcset=\"https:\/\/nydalen.idrett.no\/orientering\/wp-content\/uploads\/2012\/05\/NestenHeleTiden.jpg 550w, https:\/\/nydalen.idrett.no\/orientering\/wp-content\/uploads\/2012\/05\/NestenHeleTiden-500x326.jpg 500w\" sizes=\"auto, (max-width: 550px) 100vw, 550px\" \/><\/a><br \/>\n&#8230; nesten hele tida.<\/p>\n<p><a href=\"http:\/\/nydalen.idrett.no\/orientering\/wp-content\/uploads\/2012\/05\/H5_Debutanter.jpg\"><img loading=\"lazy\" decoding=\"async\" class=\"alignnone size-full wp-image-6218\" title=\"H5_Debutanter\" src=\"http:\/\/nydalen.idrett.no\/orientering\/wp-content\/uploads\/2012\/05\/H5_Debutanter.jpg\" alt=\"\" width=\"550\" height=\"399\" srcset=\"https:\/\/nydalen.idrett.no\/orientering\/wp-content\/uploads\/2012\/05\/H5_Debutanter.jpg 550w, https:\/\/nydalen.idrett.no\/orientering\/wp-content\/uploads\/2012\/05\/H5_Debutanter-500x362.jpg 500w\" sizes=\"auto, (max-width: 550px) 100vw, 550px\" \/><\/a><br \/>\nDebutantveksling: Frederico (Italia) debuterte som nattl\u00f8per, og sendte ut Sam (14) og Maiken(14) til deres aller f\u00f8rste natt-\u00f8kt. 2. etappe i Tiomila, 8.2 km nattgafling ble gjennomf\u00f8rt i fin stil.<\/p>\n<p><a href=\"http:\/\/nydalen.idrett.no\/orientering\/wp-content\/uploads\/2012\/05\/H5_Veteraner.jpg\"><img loading=\"lazy\" decoding=\"async\" class=\"alignnone size-full wp-image-6217\" title=\"H5_Veteraner\" src=\"http:\/\/nydalen.idrett.no\/orientering\/wp-content\/uploads\/2012\/05\/H5_Veteraner.jpg\" alt=\"\" width=\"550\" height=\"417\" srcset=\"https:\/\/nydalen.idrett.no\/orientering\/wp-content\/uploads\/2012\/05\/H5_Veteraner.jpg 550w, https:\/\/nydalen.idrett.no\/orientering\/wp-content\/uploads\/2012\/05\/H5_Veteraner-500x379.jpg 500w\" sizes=\"auto, (max-width: 550px) 100vw, 550px\" \/><\/a><br \/>\nVeteranveksling p\u00e5 andrelaget. Christian sender ut S\u00f6ren p\u00e5 3. etp.<\/p>\n<p><a href=\"http:\/\/nydalen.idrett.no\/orientering\/wp-content\/uploads\/2012\/05\/H6_Veksling.jpg\"><img loading=\"lazy\" decoding=\"async\" class=\"alignnone size-full wp-image-6219\" title=\"H6_Veksling\" src=\"http:\/\/nydalen.idrett.no\/orientering\/wp-content\/uploads\/2012\/05\/H6_Veksling.jpg\" alt=\"\" width=\"550\" height=\"420\" srcset=\"https:\/\/nydalen.idrett.no\/orientering\/wp-content\/uploads\/2012\/05\/H6_Veksling.jpg 550w, https:\/\/nydalen.idrett.no\/orientering\/wp-content\/uploads\/2012\/05\/H6_Veksling-500x381.jpg 500w\" sizes=\"auto, (max-width: 550px) 100vw, 550px\" \/><\/a><br \/>\nNydalen 49&#8217;ers. Erik holder plassen og sender ut Sverre ut p\u00e5 siste etappe.<\/p>\n<p><a href=\"http:\/\/nydalen.idrett.no\/orientering\/wp-content\/uploads\/2012\/05\/H7_M\u00e5lgang.jpg\"><img loading=\"lazy\" decoding=\"async\" class=\"alignnone size-full wp-image-6220\" title=\"H7_M\u00e5lgang\" src=\"http:\/\/nydalen.idrett.no\/orientering\/wp-content\/uploads\/2012\/05\/H7_M\u00e5lgang.jpg\" alt=\"\" width=\"550\" height=\"406\" srcset=\"https:\/\/nydalen.idrett.no\/orientering\/wp-content\/uploads\/2012\/05\/H7_M\u00e5lgang.jpg 550w, https:\/\/nydalen.idrett.no\/orientering\/wp-content\/uploads\/2012\/05\/H7_M\u00e5lgang-500x369.jpg 500w\" sizes=\"auto, (max-width: 550px) 100vw, 550px\" \/><\/a><br \/>\nAvslutning. NSK2 greide fellestarten og stormer til m\u00e5l foran entusisastiske NSK-supporters.<\/p>\n<p>Og s\u00e5 var det rett i bussen, med \u00a0gode resultater og mange opplevelser i bagasjen.<br \/>\n(Bilder: Terje D og Jon Petter N)<\/p>\n<p>De som vil ha flere (proffe) bilder fra Tiomila, kan ta en titt p\u00e5<a href=\"http:\/\/www.peterholgersson.se\/2012\/05\/06\/herrarnas-tiomila\/\"> disse bildene<br \/>\n<\/a>(Fotograf Peter Holgersson)<\/p>\n<p>Er det noen som vil v\u00e6re med neste \u00e5r?<\/p>\n","protected":false},"excerpt":{"rendered":"<p>Her er noen glimt fra \u00e5rets Tiomila. &nbsp; Gode forberedelser og godt hum\u00f8r gj\u00f8r slike o-turer til en opplevelse for b\u00e5de debutanter og veteraner. \u00a0N\u00e5r prestasjonene i skogen ogs\u00e5 er gode, er det moro \u00e5 v\u00e6re p\u00e5 tur.<\/p>\n","protected":false},"author":4,"featured_media":0,"comment_status":"open","ping_status":"closed","sticky":false,"template":"","format":"standard","meta":{"footnotes":""},"categories":[6,10,20],"tags":[],"class_list":["post-6197","post","type-post","status-publish","format-standard","hentry","category-sosialt","category-sportslig","category-ungdom-13-16-ar"],"_links":{"self":[{"href":"https:\/\/nydalen.idrett.no\/orientering\/wp-json\/wp\/v2\/posts\/6197","targetHints":{"allow":["GET"]}}],"collection":[{"href":"https:\/\/nydalen.idrett.no\/orientering\/wp-json\/wp\/v2\/posts"}],"about":[{"href":"https:\/\/nydalen.idrett.no\/orientering\/wp-json\/wp\/v2\/types\/post"}],"author":[{"embeddable":true,"href":"https:\/\/nydalen.idrett.no\/orientering\/wp-json\/wp\/v2\/users\/4"}],"replies":[{"embeddable":true,"href":"https:\/\/nydalen.idrett.no\/orientering\/wp-json\/wp\/v2\/comments?post=6197"}],"version-history":[{"count":9,"href":"https:\/\/nydalen.idrett.no\/orientering\/wp-json\/wp\/v2\/posts\/6197\/revisions"}],"predecessor-version":[{"id":6223,"href":"https:\/\/nydalen.idrett.no\/orientering\/wp-json\/wp\/v2\/posts\/6197\/revisions\/6223"}],"wp:attachment":[{"href":"https:\/\/nydalen.idrett.no\/orientering\/wp-json\/wp\/v2\/media?parent=6197"}],"wp:term":[{"taxonomy":"category","embeddable":true,"href":"https:\/\/nydalen.idrett.no\/orientering\/wp-json\/wp\/v2\/categories?post=6197"},{"taxonomy":"post_tag","embeddable":true,"href":"https:\/\/nydalen.idrett.no\/orientering\/wp-json\/wp\/v2\/tags?post=6197"}],"curies":[{"name":"wp","href":"https:\/\/api.w.org\/{rel}","templated":true}]}}