{"id":5034,"date":"2012-01-29T21:58:07","date_gmt":"2012-01-29T20:58:07","guid":{"rendered":"http:\/\/nydalen.idrett.no\/orientering\/?p=5034"},"modified":"2012-01-29T21:58:07","modified_gmt":"2012-01-29T20:58:07","slug":"seier-til-anine-i-hovedlopet-i-ski-o","status":"publish","type":"post","link":"https:\/\/nydalen.idrett.no\/orientering\/2012\/01\/29\/seier-til-anine-i-hovedlopet-i-ski-o\/","title":{"rendered":"Seier til Anine i Hovedl\u00f8pet i ski-o!"},"content":{"rendered":"<p>Det ble en overbevisende seier til Anine i D16 i\u00a0dagens Hovedl\u00f8p i ski-o p\u00e5 Eiksetra i Lier. Flott terreng, masse sn\u00f8 og fine l\u00f8yper for alle. Stine tok bronse i D15, og Aksel fjerdeplass i H16. Flere Nyd\u00f8ler hadde tatt turen til Finnemarka og det ble mange dueller i \u00f8vrige klasser, der en s\u00e6rdeles morsom nedkj\u00f8ring mot m\u00e5l satte skiferdighetene p\u00e5 pr\u00f8ve. Mer omtale og resultater finner du <a href=\"http:\/\/www.orientering.no\/nyheter\/Sider\/T%C3%B8ffkampommedaljeneiHovedl%C3%B8petiski-o.aspx\">her<\/a>.<\/p>\n<p>L\u00f8rdag ble det for\u00f8vrig seier til J\u00f8rgen i Norgescupen p\u00e5 samme sted.<\/p>\n<p>&nbsp;<\/p>\n","protected":false},"excerpt":{"rendered":"<p>Det ble en overbevisende seier til Anine i D16 i\u00a0dagens Hovedl\u00f8p i ski-o p\u00e5 Eiksetra i Lier. Flott terreng, masse sn\u00f8 og fine l\u00f8yper for alle. Stine tok bronse i D15, og Aksel fjerdeplass i H16. Flere Nyd\u00f8ler hadde tatt &hellip; <a class=\"more-link\" href=\"https:\/\/nydalen.idrett.no\/orientering\/2012\/01\/29\/seier-til-anine-i-hovedlopet-i-ski-o\/\">Les videre <span class=\"meta-nav\">&rarr;<\/span><\/a><\/p>\n","protected":false},"author":12,"featured_media":0,"comment_status":"open","ping_status":"closed","sticky":false,"template":"","format":"standard","meta":{"footnotes":""},"categories":[10,20],"tags":[],"class_list":["post-5034","post","type-post","status-publish","format-standard","hentry","category-sportslig","category-ungdom-13-16-ar"],"_links":{"self":[{"href":"https:\/\/nydalen.idrett.no\/orientering\/wp-json\/wp\/v2\/posts\/5034","targetHints":{"allow":["GET"]}}],"collection":[{"href":"https:\/\/nydalen.idrett.no\/orientering\/wp-json\/wp\/v2\/posts"}],"about":[{"href":"https:\/\/nydalen.idrett.no\/orientering\/wp-json\/wp\/v2\/types\/post"}],"author":[{"embeddable":true,"href":"https:\/\/nydalen.idrett.no\/orientering\/wp-json\/wp\/v2\/users\/12"}],"replies":[{"embeddable":true,"href":"https:\/\/nydalen.idrett.no\/orientering\/wp-json\/wp\/v2\/comments?post=5034"}],"version-history":[{"count":4,"href":"https:\/\/nydalen.idrett.no\/orientering\/wp-json\/wp\/v2\/posts\/5034\/revisions"}],"predecessor-version":[{"id":5048,"href":"https:\/\/nydalen.idrett.no\/orientering\/wp-json\/wp\/v2\/posts\/5034\/revisions\/5048"}],"wp:attachment":[{"href":"https:\/\/nydalen.idrett.no\/orientering\/wp-json\/wp\/v2\/media?parent=5034"}],"wp:term":[{"taxonomy":"category","embeddable":true,"href":"https:\/\/nydalen.idrett.no\/orientering\/wp-json\/wp\/v2\/categories?post=5034"},{"taxonomy":"post_tag","embeddable":true,"href":"https:\/\/nydalen.idrett.no\/orientering\/wp-json\/wp\/v2\/tags?post=5034"}],"curies":[{"name":"wp","href":"https:\/\/api.w.org\/{rel}","templated":true}]}}