{"id":4666,"date":"2011-11-01T22:03:20","date_gmt":"2011-11-01T21:03:20","guid":{"rendered":"http:\/\/nydalen.idrett.no\/orientering\/?p=4666"},"modified":"2011-11-01T22:13:55","modified_gmt":"2011-11-01T21:13:55","slug":"sigve-skifter-klubb","status":"publish","type":"post","link":"https:\/\/nydalen.idrett.no\/orientering\/2011\/11\/01\/sigve-skifter-klubb\/","title":{"rendered":"Sigve skifter klubb"},"content":{"rendered":"<p>Sigve har opplevd det meste en o-l\u00f8per kan dr\u00f8mme om med Nydalen, men fra neste sesong blir det familien og n\u00e6rmilj\u00f8et som f\u00e5r mest glede av ham. Vi takker for mange store \u00f8yeblikk i burgunderr\u00f8dt!\u00a0 N\u00e5 f\u00e5r Oppsal et solid tillskudd, og vi \u00f8nsker Sigve og naboklubben lykke til videre.<!--more--><\/p>\n<p>Sigve sendte for noen dager f\u00f8lgende melding til stafettgutta:<\/p>\n<p>&#8220;NSK Kids!<br \/>\nDa er enda en sesong over og vinteren i anmarsj. Jeg klarte ikke fullf\u00f8re min 12 Harrylagert sesong, trist men som fortjent. Det fikk meg til \u00e5 innse at jeg kanskje er, som en god studiekammerat en gang sa det, bare &#8220;&#8230; og &#8230;&#8221;. Engang var en b\u00e5de ung og lovende, men til slutt er det bare OG igjen.<br \/>\nJeg har opplevd alt en o-l\u00f8per kan dr\u00f8mme om med Nydalen. Det begynner \u00e5 bli en stund siden NSK-gutta rulet i alle stefettene, men det kommer definitivt til \u00e5 komme en ny v\u00e5r om 2-3\u00e5r. For dere som er klar for spise kirseb\u00e6r med de store igjen, er mitt tips p\u00e5 veien, det viktigste er \u00e5 ha det moro.<br \/>\nVerdensstjerne i gir ikke langsiktige resultater, godt milj\u00f8 er alfa omega. N\u00e5r vi ble topp 3 i stort sett alle store stafetter for 10 \u00e5r siden, var det 20-\u00e5ringer bosatt p\u00e5 kringsj\u00e5 som ALLTID gjorde grovjobben. Ingen av oss var stjerner, men trente bra og trivdes samme.<\/p>\n<p>S\u00e5 til poenget:<br \/>\nJeg har innsett til at min tid som grovarbeider er over. Jeg har ikke hatt tid til \u00e5 v\u00e6re en del av NSK milj\u00f8et. Det er over 3 \u00e5r siden jeg var p\u00e5 en fellestrening. Jeg sutrer meg til etapper i stafetter og stikker lenge f\u00f8r premieutdelingen er begynt. Neste \u00e5r l\u00f8per jeg for Oppsal. Det blir neppe den store forandringen for noen, men det f\u00f8les rett med tanke p\u00e5 familien. Talentspeidere belier til og med p\u00e5 andre fallende stjerner bosatt i Oppsal-land, s\u00e5 kanskje vi kan utfordre NSK p\u00e5 NM eller KM neste \u00e5r&#8230; -tiden vil vise.<\/p>\n<p>Til skal jeg rette en stor takk til gutta p\u00e5 tur, som l\u00f8ftet meg til de bragdene vi gjorde for NSK for alt for mange \u00e5r siden,<br \/>\nErlend, Jon Gunnar og P\u00e5l &#8221;<\/p>\n<p>&nbsp;<\/p>\n<p>Blant Sigves st\u00f8rste triumfer er en 4. plass i TIO i 1999,\u00a0 en 2.plass i Jukola i 2000. P\u00e5 en imponerende m\u00e5te har han holdt koken, og han l\u00f8p verdenscup s\u00e5 sent som i 2009.\u00a0 En st\u00f8 l\u00f8per med viktige bidrag i mange stafetter. Takk for innsatsen!<\/p>\n<p>N\u00e5 f\u00e5r du bli med \u00e5 ta Oppsal til nye h\u00f8yder, og kanskje b\u00f8r du se litt til &#8220;gamleklubben&#8221; n\u00e5r du etterhvert skal legge engasjement i rekutteringsarbeidet &#8230;<\/p>\n<p>\u00c6rb\u00f8digste hilsner fra H\u00f8vdingen<\/p>\n","protected":false},"excerpt":{"rendered":"<p>Sigve har opplevd det meste en o-l\u00f8per kan dr\u00f8mme om med Nydalen, men fra neste sesong blir det familien og n\u00e6rmilj\u00f8et som f\u00e5r mest glede av ham. Vi takker for mange store \u00f8yeblikk i burgunderr\u00f8dt!\u00a0 N\u00e5 f\u00e5r Oppsal et solid &hellip; <a class=\"more-link\" href=\"https:\/\/nydalen.idrett.no\/orientering\/2011\/11\/01\/sigve-skifter-klubb\/\">Les videre <span class=\"meta-nav\">&rarr;<\/span><\/a><\/p>\n","protected":false},"author":6,"featured_media":0,"comment_status":"open","ping_status":"closed","sticky":false,"template":"","format":"standard","meta":{"footnotes":""},"categories":[7,4,15],"tags":[],"class_list":["post-4666","post","type-post","status-publish","format-standard","hentry","category-administrativt","category-elite","category-o-minner"],"_links":{"self":[{"href":"https:\/\/nydalen.idrett.no\/orientering\/wp-json\/wp\/v2\/posts\/4666","targetHints":{"allow":["GET"]}}],"collection":[{"href":"https:\/\/nydalen.idrett.no\/orientering\/wp-json\/wp\/v2\/posts"}],"about":[{"href":"https:\/\/nydalen.idrett.no\/orientering\/wp-json\/wp\/v2\/types\/post"}],"author":[{"embeddable":true,"href":"https:\/\/nydalen.idrett.no\/orientering\/wp-json\/wp\/v2\/users\/6"}],"replies":[{"embeddable":true,"href":"https:\/\/nydalen.idrett.no\/orientering\/wp-json\/wp\/v2\/comments?post=4666"}],"version-history":[{"count":7,"href":"https:\/\/nydalen.idrett.no\/orientering\/wp-json\/wp\/v2\/posts\/4666\/revisions"}],"predecessor-version":[{"id":4672,"href":"https:\/\/nydalen.idrett.no\/orientering\/wp-json\/wp\/v2\/posts\/4666\/revisions\/4672"}],"wp:attachment":[{"href":"https:\/\/nydalen.idrett.no\/orientering\/wp-json\/wp\/v2\/media?parent=4666"}],"wp:term":[{"taxonomy":"category","embeddable":true,"href":"https:\/\/nydalen.idrett.no\/orientering\/wp-json\/wp\/v2\/categories?post=4666"},{"taxonomy":"post_tag","embeddable":true,"href":"https:\/\/nydalen.idrett.no\/orientering\/wp-json\/wp\/v2\/tags?post=4666"}],"curies":[{"name":"wp","href":"https:\/\/api.w.org\/{rel}","templated":true}]}}