{"id":4362,"date":"2011-09-29T00:19:34","date_gmt":"2011-09-28T22:19:34","guid":{"rendered":"http:\/\/nydalen.idrett.no\/orientering\/?p=4362"},"modified":"2011-09-29T09:50:08","modified_gmt":"2011-09-29T07:50:08","slug":"harry-lagerts-nattcup-145-lopere-ved-tryvannsasen","status":"publish","type":"post","link":"https:\/\/nydalen.idrett.no\/orientering\/2011\/09\/29\/harry-lagerts-nattcup-145-lopere-ved-tryvannsasen\/","title":{"rendered":"Harry Lagerts nattcup: 145 l\u00f8pere ved Tryvanns\u00e5sen"},"content":{"rendered":"<p><a href=\"http:\/\/nydalen.idrett.no\/orientering\/wp-content\/uploads\/2011\/09\/HL112_Front.jpg\"><img loading=\"lazy\" decoding=\"async\" class=\"alignleft size-full wp-image-4363\" title=\"HL112_Front\" src=\"http:\/\/nydalen.idrett.no\/orientering\/wp-content\/uploads\/2011\/09\/HL112_Front.jpg\" alt=\"\" width=\"175\" height=\"102\" \/><\/a>Det var flotte forhold for nattl\u00f8p ved \u00d8vresetertjern onsdag, \u00a0og arrang\u00f8ren er str\u00e5lende forn\u00f8yd med deltakerantallet.<\/p>\n<p>Dag Aalvik var raskest denne gang; vinnertiden var kun noen sekunder over l\u00f8ypeleggerens idealtid.<\/p>\n<p><!--more--><\/p>\n<p>Ogs\u00e5 denne gang var det gledelig mange rekrutter som pr\u00f8vde seg i nattem\u00f8rket. Noen av de yngste ungdommene pr\u00f8vde seg s\u00e5gar p\u00e5 den litt vanskeligere HarryLagert-l\u00f8ypa for f\u00f8rste gang. Det ble noen bommer, men fin erfaring \u00e5 ta med videre.<\/p>\n<p>Dag Aalvik l\u00f8p et godt l\u00f8p og var raskest; noen f\u00e5 sekunder foran Sigve V\u00e5gsnes\u00a0og\u00a0Torben Wendler. Disse tre var de eneste som var under halvtimen denne gang<\/p>\n<p>Harry-Lagert-m\u00e5lgang nr 3000 gjennom historien ble markert ved \u00d8vresetertjern, \u00a0Det er tydelig at denne formen for enkle nattl\u00f8p sl\u00e5r an. Det er fokus p\u00e5 kvalitet p\u00e5 l\u00f8ypene, og arrangementsformen innbyr til prestisjefulle dueller for b\u00e5de elite og bredde.<\/p>\n<p>Og god o-trening er det ogs\u00e5. Neste l\u00f8p g\u00e5r i Lillomarka om to uker, og det er fire uker til \u00e5rets NattNM &#8230;<\/p>\n<p><a href=\"http:\/\/nydalen.idrett.no\/ogruppa\/resultater\/2011\/HL112\/htmlfiler\/index.htm\">Resultater og strekktider<\/a> fra l\u00f8p 2. Mer info p\u00e5 <a href=\"http:\/\/nydalen.idrett.no\/orientering\/arrangementer\/harry-lagert\/\">Harry-webben<\/a>.<\/p>\n<p><a href=\"http:\/\/nydalen.idrett.no\/orientering\/wp-content\/uploads\/2011\/09\/HL112_Loypelegger.jpg\"><img loading=\"lazy\" decoding=\"async\" class=\"alignnone size-full wp-image-4364\" title=\"HL112_Loypelegger\" src=\"http:\/\/nydalen.idrett.no\/orientering\/wp-content\/uploads\/2011\/09\/HL112_Loypelegger.jpg\" alt=\"\" width=\"500\" height=\"340\" \/><br \/>\n<\/a>L\u00f8ypelegger diskuterer veivalg og postplasseringer<br \/>\n<a href=\"http:\/\/nydalen.idrett.no\/orientering\/wp-content\/uploads\/2011\/09\/HL112_3000.jpg\"><img loading=\"lazy\" decoding=\"async\" class=\"alignnone size-full wp-image-4365\" title=\"HL112_3000\" src=\"http:\/\/nydalen.idrett.no\/orientering\/wp-content\/uploads\/2011\/09\/HL112_3000.jpg\" alt=\"\" width=\"500\" height=\"400\" \/><br \/>\n<\/a>Harry Lagert-m\u00e5lgang nr 3000! \u00a0Bent Ove B.R. har st\u00e5tt for hele 37 av dem.<\/p>\n","protected":false},"excerpt":{"rendered":"<p>Det var flotte forhold for nattl\u00f8p ved \u00d8vresetertjern onsdag, \u00a0og arrang\u00f8ren er str\u00e5lende forn\u00f8yd med deltakerantallet. Dag Aalvik var raskest denne gang; vinnertiden var kun noen sekunder over l\u00f8ypeleggerens idealtid.<\/p>\n","protected":false},"author":4,"featured_media":0,"comment_status":"open","ping_status":"closed","sticky":false,"template":"","format":"standard","meta":{"footnotes":""},"categories":[6,10],"tags":[],"class_list":["post-4362","post","type-post","status-publish","format-standard","hentry","category-sosialt","category-sportslig"],"_links":{"self":[{"href":"https:\/\/nydalen.idrett.no\/orientering\/wp-json\/wp\/v2\/posts\/4362","targetHints":{"allow":["GET"]}}],"collection":[{"href":"https:\/\/nydalen.idrett.no\/orientering\/wp-json\/wp\/v2\/posts"}],"about":[{"href":"https:\/\/nydalen.idrett.no\/orientering\/wp-json\/wp\/v2\/types\/post"}],"author":[{"embeddable":true,"href":"https:\/\/nydalen.idrett.no\/orientering\/wp-json\/wp\/v2\/users\/4"}],"replies":[{"embeddable":true,"href":"https:\/\/nydalen.idrett.no\/orientering\/wp-json\/wp\/v2\/comments?post=4362"}],"version-history":[{"count":8,"href":"https:\/\/nydalen.idrett.no\/orientering\/wp-json\/wp\/v2\/posts\/4362\/revisions"}],"predecessor-version":[{"id":4374,"href":"https:\/\/nydalen.idrett.no\/orientering\/wp-json\/wp\/v2\/posts\/4362\/revisions\/4374"}],"wp:attachment":[{"href":"https:\/\/nydalen.idrett.no\/orientering\/wp-json\/wp\/v2\/media?parent=4362"}],"wp:term":[{"taxonomy":"category","embeddable":true,"href":"https:\/\/nydalen.idrett.no\/orientering\/wp-json\/wp\/v2\/categories?post=4362"},{"taxonomy":"post_tag","embeddable":true,"href":"https:\/\/nydalen.idrett.no\/orientering\/wp-json\/wp\/v2\/tags?post=4362"}],"curies":[{"name":"wp","href":"https:\/\/api.w.org\/{rel}","templated":true}]}}