{"id":4273,"date":"2011-09-21T13:31:12","date_gmt":"2011-09-21T11:31:12","guid":{"rendered":"http:\/\/nydalen.idrett.no\/orientering\/?p=4273"},"modified":"2014-10-13T12:55:06","modified_gmt":"2014-10-13T10:55:06","slug":"hvem-var-harry-lagert","status":"publish","type":"post","link":"https:\/\/nydalen.idrett.no\/orientering\/2011\/09\/21\/hvem-var-harry-lagert\/","title":{"rendered":"Hvem var Harry Lagert ?"},"content":{"rendered":"<p>Skrevet av Geir Nilsen, publisert p\u00e5 Nydalens sider 2005:<\/p>\n<p><strong><!--more-->Harry Lagert &#8211; mye mer enn en nattcup<\/strong><br \/>\nHarry Lagerts Nattcup er navnet p\u00e5 en serie med fire nattl\u00f8p som Nydalens Skiklub arrangerer hver h\u00f8st. \u00a0Arrangementets navn vekket undertegnedes interesse, og jeg tok kontakt med S\u00f6ren Jonsson, Nydalens Sklklub og cupens primus motor, for \u00e5 finne ut mer.\u00a0S\u00f6ren fortalte at Nattcupen er oppkalt etter Harry Lagert, en tidligere profil i Nydalen<\/p>\n<p>Med fare for \u00e5 bli stemplet historiel\u00f8s m\u00e5 jeg innr\u00f8mme at jeg ikke var klar over at det faktisk befant seg et levende menneske bak navnet Harry Lagert. \u00a0Lite ante jeg om at dette var starten p\u00e5 et spennende dypdykk i o-historien, som skulle f\u00f8re til Holmenkollen, til NOF-posten og til NM-gull.<\/p>\n<p>Da stod det klart for meg at dette ikke kunne bli noen sedvanlig forh\u00e5ndsomtale av et o-l\u00f8p, men en omtale av mennesket Harry Lagert<\/p>\n<p><strong>Mennesket Harry Lagert<\/strong><br \/>\nHarry Lagert var f\u00f8dt 21.oktober 1916.<\/p>\n<p>P\u00e5 TV2.no kunne jeg lese at han bodde i nabohuset til Nr. 19 (den serien p\u00e5 TV2 der fire par skulle pusse opp fire leiligheter p\u00e5 Grefsen i Oslo) \u00a0frem til han var fire \u00e5r.<\/p>\n<p>Samme sted leser jeg ogs\u00e5 at Harry Lagert var en habil idrettsmann f\u00f8r krigen.<\/p>\n<dl id=\"attachment_10420\" class=\"wp-caption alignnone\" style=\"width: 585px;\">\n<dt class=\"wp-caption-dt\" style=\"display: inline !important;\"><a href=\"http:\/\/nydalen.idrett.no\/orientering\/wp-content\/uploads\/2011\/09\/Harry97_2.jpg\"><img loading=\"lazy\" decoding=\"async\" class=\"size-full wp-image-10420\" src=\"http:\/\/nydalen.idrett.no\/orientering\/wp-content\/uploads\/2011\/09\/Harry97_2.jpg\" alt=\"Harry i Nydalsbakken i 1935 Foto: Historielaget\" width=\"575\" height=\"348\" srcset=\"https:\/\/nydalen.idrett.no\/orientering\/wp-content\/uploads\/2011\/09\/Harry97_2.jpg 575w, https:\/\/nydalen.idrett.no\/orientering\/wp-content\/uploads\/2011\/09\/Harry97_2-500x302.jpg 500w\" sizes=\"auto, (max-width: 575px) 100vw, 575px\" \/><\/a><\/dt>\n<\/dl>\n<dl id=\"attachment_10420\" class=\"wp-caption alignnone\" style=\"width: 585px;\">\n<dd class=\"wp-caption-dd\">Harry i Nydalsbakken i 1935<br \/>\nFoto: Historielaget<\/dd>\n<\/dl>\n<p>I 1939 vant han kombinert B i Nydalsrennet.\u00a0Harry satte ogs\u00e5 bakkerekord p\u00e5 55 meter i Holmenkollen. (Holmenkollrennet det \u00e5ret ble vunnet av svenske Sven Sel\u00e5nger med 62 meter, men rekorden var i Harry Lagerts eie en liten periode.)<\/p>\n<div id=\"attachment_10421\" style=\"width: 491px\" class=\"wp-caption alignnone\"><a href=\"http:\/\/nydalen.idrett.no\/orientering\/wp-content\/uploads\/2011\/09\/Harry97_3.jpg\"><img loading=\"lazy\" decoding=\"async\" aria-describedby=\"caption-attachment-10421\" class=\"size-full wp-image-10421\" src=\"http:\/\/nydalen.idrett.no\/orientering\/wp-content\/uploads\/2011\/09\/Harry97_3.jpg\" alt=\"Harry97_3\" width=\"481\" height=\"344\" \/><\/a><p id=\"caption-attachment-10421\" class=\"wp-caption-text\">Harry i Holmenkollen 1939<\/p><\/div>\n<p>Et annet sted p\u00e5 nettet finner jeg diktet <em>&#8220;Ved en sagadam&#8221;<\/em>, signert av Harry Lagert. Diktet starter slik:<\/p>\n<p>Ved bredden av de svunne tider<br \/>\nduver bilder p\u00e5 en sky.<br \/>\nMed min Pegasus jeg rider<br \/>\ninn i barndommen p\u00e5 ny&#8221;.<\/p>\n<p>(Se hele diktet nedenfor)<\/p>\n<p><strong>Lokalpatriot<\/strong><br \/>\nVidere i min s\u00f8ken p\u00e5 nettet fant jeg dette p\u00e5 en side om historielag i Oslo:<br \/>\n&#8220;Det eldste rene historielaget i Oslo er Historielaget Grefsen-Kjels\u00e5s-Nydalen. Det ble stiftet h\u00f8sten 1979 av den meget aktive lokalpatrioten og amat\u00f8rhistorikeren Harry Lagert&#8221;.<\/p>\n<p>Mange fikk oppleve Harry Lagert som lokalhistoriker og omviser i n\u00e6romr\u00e5det.<br \/>\n(Alle bilder: Historielaget Grefsen-Kjels\u00e5s-Nydalen)<\/p>\n<dl id=\"attachment_10423\" class=\"wp-caption alignnone\" style=\"width: 585px; display: inline !important;\">\n<dt class=\"wp-caption-dt\" style=\"display: inline !important;\"><a href=\"http:\/\/nydalen.idrett.no\/orientering\/wp-content\/uploads\/2011\/09\/Harry97_5.jpg\"><img loading=\"lazy\" decoding=\"async\" class=\"size-full wp-image-10423\" src=\"http:\/\/nydalen.idrett.no\/orientering\/wp-content\/uploads\/2011\/09\/Harry97_5.jpg\" alt=\"Harry97_5\" width=\"575\" height=\"343\" srcset=\"https:\/\/nydalen.idrett.no\/orientering\/wp-content\/uploads\/2011\/09\/Harry97_5.jpg 575w, https:\/\/nydalen.idrett.no\/orientering\/wp-content\/uploads\/2011\/09\/Harry97_5-500x298.jpg 500w\" sizes=\"auto, (max-width: 575px) 100vw, 575px\" \/><\/a><\/dt>\n<\/dl>\n<dl id=\"attachment_10423\" class=\"wp-caption alignnone\" style=\"width: 585px;\">\n<dd class=\"wp-caption-dd\">P\u00e5 brua ved Maridalsoset. Fra tur med Nyco-ansatte i 1990<\/dd>\n<\/dl>\n<div id=\"attachment_10364\" style=\"width: 340px\" class=\"wp-caption alignleft\"><a href=\"http:\/\/nydalen.idrett.no\/orientering\/wp-content\/uploads\/2011\/09\/Lagert_KongensGull2.jpg\"><img loading=\"lazy\" decoding=\"async\" aria-describedby=\"caption-attachment-10364\" class=\"size-full wp-image-10364\" src=\"http:\/\/nydalen.idrett.no\/orientering\/wp-content\/uploads\/2011\/09\/Lagert_KongensGull2.jpg\" alt=\"Lagert_KongensGull2\" width=\"330\" height=\"331\" srcset=\"https:\/\/nydalen.idrett.no\/orientering\/wp-content\/uploads\/2011\/09\/Lagert_KongensGull2.jpg 330w, https:\/\/nydalen.idrett.no\/orientering\/wp-content\/uploads\/2011\/09\/Lagert_KongensGull2-200x200.jpg 200w\" sizes=\"auto, (max-width: 330px) 100vw, 330px\" \/><\/a><p id=\"caption-attachment-10364\" class=\"wp-caption-text\">Harry Lagert p\u00e5 &#8220;Dampen&#8221; 22. okt 1998<\/p><\/div>\n<p>Harry Lagert stiftet og ledet Historielaget Grefsen-Kjels\u00e5s-Nydalen i 14 \u00e5r, og\u00a0fikk tildelt kongens fortjenestemedalje i gull i 1998,\u00a0bl.a. for sin innsats i bydelen og i historielaget<\/p>\n<p>&nbsp;<\/p>\n<p>Alle Fotos:<br \/>\nHistorielaget Grefsen-Kjels\u00e5s-Nydalen.<\/p>\n<p>&nbsp;<\/p>\n<p><a href=\"http:\/\/nydalen.idrett.no\/orientering\/wp-content\/uploads\/2011\/09\/Harry97_6.jpg\"><img loading=\"lazy\" decoding=\"async\" class=\"alignright size-full wp-image-10424\" src=\"http:\/\/nydalen.idrett.no\/orientering\/wp-content\/uploads\/2011\/09\/Harry97_6.jpg\" alt=\"Harry97_6\" width=\"400\" height=\"462\" \/><\/a><\/p>\n<p>&nbsp;<\/p>\n<p>&nbsp;<\/p>\n<p>&nbsp;<\/p>\n<p>&nbsp;<\/p>\n<p>&nbsp;<\/p>\n<p>&nbsp;<\/p>\n<p>&nbsp;<\/p>\n<p>&nbsp;<\/p>\n<p>Harry Lagert p\u00e5 Historielagets 25-\u00e5rs jubileum p\u00e5 Grefsenkollen i 2004<\/p>\n<p>&nbsp;<\/p>\n<p>&nbsp;<\/p>\n<p>&nbsp;<\/p>\n<p>&nbsp;<\/p>\n<p>&nbsp;<\/p>\n<p>&nbsp;<\/p>\n<p>&nbsp;<\/p>\n<p>&nbsp;<\/p>\n<p>&nbsp;<\/p>\n<p>&nbsp;<\/p>\n<p>&nbsp;<\/p>\n<p><strong>Harry Lagert og o-sporten<br \/>\n<\/strong>I tillegg finnes en rekke artikler i Nydalens Skiklubs medlemsavis hvor Harry Lagert har f\u00f8rt pennen.\u00a0Jeg er i ferd med \u00e5 konkludere med at Harry Lagert er en lokalpatriot av de sjeldne, som i tillegg har gjort et stunt i Holmenkollbakken.<\/p>\n<p>Greit nok det, men s\u00e5 veldig mye med orientering har det jo ikke \u00e5 gj\u00f8re. Jeg finner ut at jeg m\u00e5 endre s\u00f8ket mitt i Google fra &#8220;Harry Lagert&#8221; til &#8220;Harry Lagert orientering&#8221;.<\/p>\n<p>Det er da det begynner. Jeg f\u00e5r opp et treff med overskriften &#8220;Kart L\u00f8yper Team L\u00f8ver&#8221;. Klikker p\u00e5 linken og f\u00e5r opp spennende tekst av Hans L. W\u00e6rp fra O-NM i 1970.\u00a0Jeg scroller nedover &#8211; og plutselig dukker det opp interessante bilder, bl.a med med f\u00f8lgende billedtekst:<\/p>\n<p>&#8220;\u00c5ge Hadler kastet all forsiktighet over bord etter bommen p\u00e5 8. post og her spurter han inn til nok et NM-gull i Hob\u00f8l 1970. \u00a0Fotografen i regnfrakk er NOF-postens mange\u00e5rige redakt\u00f8r, Harry Lagert fra Nydalen&#8221;<\/p>\n<p><strong>Historiel\u00f8s<\/strong><br \/>\nEr det mulig? tenker jeg. Harry Lagert har v\u00e6rt redakt\u00f8r i NOF-posten i mange \u00e5r, uten at jeg har h\u00f8rt om mannen! Kan det v\u00e6re Werp som har bommet i sine skriverier, eller er jeg like historiel\u00f8s som den yngre senioren jeg h\u00f8rte om i v\u00e5res. Mulig at historien hadde rent over for mange steiner til at den var korrekt n\u00e5r den kom meg for \u00f8ret, men kort gjengitt var det noe slik som at den yngre senioren hadde blitt sl\u00e5tt i et o-l\u00f8p tidligere i \u00e5r av en ukjent eldre kar. Den ukjente eldre karen het Rolf Vestre. F\u00f8r jeg fortsetter er det kanskje riktig \u00e5 fortelle for v\u00e5re yngre lesere at NOF-posten er det som i dag heter Veivalg.<\/p>\n<p>Jeg ringer Harry Lagert!! \u00a0Dette m\u00e5 jeg til bunns i.\u00a0Jeg leter opp telefonnummeret til Harry Lagert og sl\u00e5r de \u00e5tte sifrene.\u00a0Jeg er spent p\u00e5 hva som venter meg i andre enden, da 88-\u00e5ringer av naturlige \u00e5rsaker kan v\u00e6re s\u00e5 mangt. \u00a0Spenningen var ubegrunnet; Harry Lagert er en mann i full vig\u00f8r.<\/p>\n<p><strong>Redakt\u00f8ren Harry Lagert<\/strong><br \/>\n&#8211; Ja, jeg var redakt\u00f8r i NOF-posten i cirka 8 \u00e5r, fortalte Lagert.<\/p>\n<p>Siden han selv ga uttrykk for at han slet litt med \u00e5 huske eksakte \u00e5rstall, valgte jeg \u00e5 ringe o-kjennerne Hans L. W\u00e6rp og Svein Kvalheim. Kvalheim var ikke snauere enn at han sa vent litt. \u00a0Etter toppen 10 sekunder var han tilbake med det f\u00f8rste nummeret av NOF-posten. Nr. 1 &#8211; mai 1959.\u00a0I det nummeret skrev NOF&#8217;s formann Ludvig Steff-Pedersen at O-forbundet introduserer nytt medlemsblad, med Harry Lagert som redakt\u00f8r.\u00a0Kvalheim mente Lagert hadde v\u00e6rt redakt\u00f8r gjennom hele 60-tallet. Deretter var det en kort periode med tredelt redakt\u00f8ransvar i form av en redaksjonskomit\u00e9.\u00a0Selv var Kvalheim redakt\u00f8r fra 1971 til 2002.<\/p>\n<p>&#8211; I tillegg dekket jeg orientering i avisene Aftenposen og Nationen. I dag st\u00e5r det ikke s\u00e5 mye orientering i avisene, men Erik Borg gj\u00f8r en fin jobb, fortsetter Lagert.<\/p>\n<p>Her kunne W\u00e6rp bekrefte at det virkelig sto mye orientering i disse avisene p\u00e5 den tiden, og at Lagert hadde en skj\u00f8nnlitter\u00e6r tiln\u00e6rming til sportsjournalistikken, slik som den gang var vanlig.<\/p>\n<p><strong>Kona tok NM-gull \u00a0i 1950<\/strong><br \/>\nJeg sp\u00f8r Harry Lagert om hvordan han selv har gjort det i o-l\u00f8ypa.<\/p>\n<p>&#8211; Jeg var ikke noe s\u00e6rlig til o-l\u00f8per. Det var kombinert som var min idrett. I 1939 vant jeg alle kombinertrennene i B-klassen, s\u00e5 kom krigen.\u00a0Min kone derimot, som n\u00e5 har g\u00e5tt bort, vant O-NM i 1950, da het hun Bj\u00f8rg Westerlund.<\/p>\n<p>Det kan legges til at hun er en av ikke s\u00e5 altfor mange individuelle O-NM-vinnere i Nydalens Skiklub.<\/p>\n<p><strong>Ikke noe sprek til \u00e5 dra ut<\/strong><br \/>\nHarry Lagert sogner til Nordmarka og kanskje spesielt Lillomarka. Sistnevnte omr\u00e5de er der hvor jeg selv tok mine f\u00f8rste o-poster.\u00a0I l\u00f8pet av samtalen blir det derfor flere avsporinger i retning av Langsetl\u00f8kka, Grefsenkollen, Linderudkollen, Solemskogen og ikke minst Sinober hvor Nydalshytta ligger. \u00a0I v\u00e5r rikholdige samtale kommer vi ogs\u00e5 innom en tur Lagert nylig har v\u00e6rt p\u00e5 med bil innover i Nordmarka. Noen bekjente med kj\u00f8retillatelse hadde tatt ham med.<\/p>\n<p>Det er da han nevner at han s\u00e5 langt ikke har f\u00e5tt bes\u00f8kt noen av l\u00f8pene i Harry Lagerts Nattcup, selv om han har v\u00e6rt invitert.<\/p>\n<p>&#8211; Du skj\u00f8nner jeg er ikke lengre noe sprek til \u00e5 dra ut.<\/p>\n<p><strong>Moro, men forst\u00e5r ikke helt hvorfor<\/strong><br \/>\nSamtalen med Harry Lagert kunne sikkert vart i det uendelige. Men, vi begge innser etterhvert at vi m\u00e5 runde av. \u00a0F\u00f8r vi avslutter benytter jeg anledningen til \u00e5 sp\u00f8rre om hva han synes om at de andre i Nydalen har oppkalt en nattcup etter ham.<\/p>\n<p>&#8211; Det er moro det, men jeg forst\u00e5r ikke helt hvorfor de har gjort det.\u00a0Dem mener vel kanskje at jeg har gjort noe bra for idretten da.<\/p>\n<p>Det g\u00e5r for alvor opp for meg at Harry Lagert er av den gode gamle skolen.<br \/>\nSelv om han h\u00f8yst sannsynelig har betydd enormt mye for norsk orientering, ser han ingen grunn til \u00e5 sette seg selv i fokus.<\/p>\n<p>(Merk: \u00a0Harry Lagert d\u00f8de i 2006)<\/p>\n<p>&nbsp;<\/p>\n<p><strong>Ved en sagadam<br \/>\n<\/strong>Av Harry Lagert<\/p>\n<p>Ved bredden av de svunne tider<br \/>\nduver bilder p\u00e5 en sky.<br \/>\nMed min Pegasus jeg rider<br \/>\ninn i barndommen p\u00e5 ny.<\/p>\n<p>Jeg dr\u00f8mmer mine guttedr\u00f8mmer<br \/>\nved en gammel sagadam.<br \/>\nMellom flis og barket\u00f8mmer<br \/>\nsk\u00e5ter jeg min minnepram.<\/p>\n<p>Her vaker fisk i lyse netter:<br \/>\nb\u00f8lgeringer fra en svupp.<br \/>\n\u00d8rekyte rundt kroken smetter<br \/>\nog gir liv i sjel og dupp.<\/p>\n<p>To ender flyter mot sin lykke,<br \/>\nover til en annen bredd.<br \/>\nP\u00e5 et speilblankt elvestykke<br \/>\nhar s\u00e5 mangt et under skjedd.<\/p>\n<p>Fra tr\u00e6rne jubler fuglesangen<br \/>\nover mot den gamle bro.<br \/>\nDet er fred ved Gr\u00f8nnvollstangen<br \/>\nfor et St.Hans-orm i glo.<\/p>\n<p>En \u00f8yenstikker kl\u00f8ver luften,<br \/>\nst\u00e5r et \u00f8yeblikk i ly.<br \/>\nSkyter inn mot blomsterduften<br \/>\nsom et v\u00e5rlig angrepsfly.<\/p>\n<p>Og solen daler ned bak gruppen<br \/>\nav de fjerne \u00e5sers tr\u00e6r.<br \/>\nIngen bryr seg mer om duppen<br \/>\ni en kveldsols siste skj\u00e6r.<\/p>\n<p>Til myggens iltre summetone<br \/>\npakker fiskeren sitt kram.<br \/>\nVandrer mot de voksnes trone,<br \/>\nvekk fra dr\u00f8mmens sagadam.<\/p>\n<p>&nbsp;<\/p>\n<p>( Mer om Harry Lagert, se <a href=\"http:\/\/no.wikipedia.org\/wiki\/Harry_Lagert\">Wikipedia<\/a>\u00a0)<\/p>\n<p>&nbsp;<\/p>\n","protected":false},"excerpt":{"rendered":"<p>Skrevet av Geir Nilsen, publisert p\u00e5 Nydalens sider 2005:<\/p>\n","protected":false},"author":4,"featured_media":0,"comment_status":"open","ping_status":"closed","sticky":false,"template":"","format":"standard","meta":{"footnotes":""},"categories":[17,6],"tags":[],"class_list":["post-4273","post","type-post","status-publish","format-standard","hentry","category-eksternt","category-sosialt"],"_links":{"self":[{"href":"https:\/\/nydalen.idrett.no\/orientering\/wp-json\/wp\/v2\/posts\/4273","targetHints":{"allow":["GET"]}}],"collection":[{"href":"https:\/\/nydalen.idrett.no\/orientering\/wp-json\/wp\/v2\/posts"}],"about":[{"href":"https:\/\/nydalen.idrett.no\/orientering\/wp-json\/wp\/v2\/types\/post"}],"author":[{"embeddable":true,"href":"https:\/\/nydalen.idrett.no\/orientering\/wp-json\/wp\/v2\/users\/4"}],"replies":[{"embeddable":true,"href":"https:\/\/nydalen.idrett.no\/orientering\/wp-json\/wp\/v2\/comments?post=4273"}],"version-history":[{"count":15,"href":"https:\/\/nydalen.idrett.no\/orientering\/wp-json\/wp\/v2\/posts\/4273\/revisions"}],"predecessor-version":[{"id":12150,"href":"https:\/\/nydalen.idrett.no\/orientering\/wp-json\/wp\/v2\/posts\/4273\/revisions\/12150"}],"wp:attachment":[{"href":"https:\/\/nydalen.idrett.no\/orientering\/wp-json\/wp\/v2\/media?parent=4273"}],"wp:term":[{"taxonomy":"category","embeddable":true,"href":"https:\/\/nydalen.idrett.no\/orientering\/wp-json\/wp\/v2\/categories?post=4273"},{"taxonomy":"post_tag","embeddable":true,"href":"https:\/\/nydalen.idrett.no\/orientering\/wp-json\/wp\/v2\/tags?post=4273"}],"curies":[{"name":"wp","href":"https:\/\/api.w.org\/{rel}","templated":true}]}}