{"id":3509,"date":"2011-08-13T15:54:04","date_gmt":"2011-08-13T13:54:04","guid":{"rendered":"http:\/\/nydalen.idrett.no\/orientering\/?p=3509"},"modified":"2011-08-13T15:54:04","modified_gmt":"2011-08-13T13:54:04","slug":"anders-til-jr-vm-samling-i-slovakia","status":"publish","type":"post","link":"https:\/\/nydalen.idrett.no\/orientering\/2011\/08\/13\/anders-til-jr-vm-samling-i-slovakia\/","title":{"rendered":"Anders til jr-VM-samling i Slovakia"},"content":{"rendered":"<p>15 l\u00f8pere av hver kj\u00f8nn er uttatt til forberedende samling i Slovakia foran nests \u00e5rs junior-VM \u00a0(D\/H -20). \u00a0Bland disse er Anders Bjergaard (18) fra Nydalens SK.<\/p>\n<p><!--more-->Samlingen i Slovakia p\u00e5g\u00e5r i tidsrommet 10-14. august.<br \/>\nLer mer <a href=\"http:\/\/www.orientering.no\/nyheter\/Sider\/-M%C3%A5leter%C3%A5f%C3%A5oversiktoverterrenget.aspx\">om samlingen<\/a>\u00a0hos Norsk Orientering.\u00a0\u00a0(<a href=\"http:\/\/www.orientering.no\/nyheter\/Sider\/Uttak%20til%20junior-VM%20forberedende%20samling.aspx\">Uttatte l\u00f8pere<\/a>)<\/p>\n","protected":false},"excerpt":{"rendered":"<p>15 l\u00f8pere av hver kj\u00f8nn er uttatt til forberedende samling i Slovakia foran nests \u00e5rs junior-VM \u00a0(D\/H -20). \u00a0Bland disse er Anders Bjergaard (18) fra Nydalens SK.<\/p>\n","protected":false},"author":4,"featured_media":0,"comment_status":"open","ping_status":"closed","sticky":false,"template":"","format":"standard","meta":{"footnotes":""},"categories":[10],"tags":[],"class_list":["post-3509","post","type-post","status-publish","format-standard","hentry","category-sportslig"],"_links":{"self":[{"href":"https:\/\/nydalen.idrett.no\/orientering\/wp-json\/wp\/v2\/posts\/3509","targetHints":{"allow":["GET"]}}],"collection":[{"href":"https:\/\/nydalen.idrett.no\/orientering\/wp-json\/wp\/v2\/posts"}],"about":[{"href":"https:\/\/nydalen.idrett.no\/orientering\/wp-json\/wp\/v2\/types\/post"}],"author":[{"embeddable":true,"href":"https:\/\/nydalen.idrett.no\/orientering\/wp-json\/wp\/v2\/users\/4"}],"replies":[{"embeddable":true,"href":"https:\/\/nydalen.idrett.no\/orientering\/wp-json\/wp\/v2\/comments?post=3509"}],"version-history":[{"count":3,"href":"https:\/\/nydalen.idrett.no\/orientering\/wp-json\/wp\/v2\/posts\/3509\/revisions"}],"predecessor-version":[{"id":3512,"href":"https:\/\/nydalen.idrett.no\/orientering\/wp-json\/wp\/v2\/posts\/3509\/revisions\/3512"}],"wp:attachment":[{"href":"https:\/\/nydalen.idrett.no\/orientering\/wp-json\/wp\/v2\/media?parent=3509"}],"wp:term":[{"taxonomy":"category","embeddable":true,"href":"https:\/\/nydalen.idrett.no\/orientering\/wp-json\/wp\/v2\/categories?post=3509"},{"taxonomy":"post_tag","embeddable":true,"href":"https:\/\/nydalen.idrett.no\/orientering\/wp-json\/wp\/v2\/tags?post=3509"}],"curies":[{"name":"wp","href":"https:\/\/api.w.org\/{rel}","templated":true}]}}