{"id":3347,"date":"2011-06-26T22:45:19","date_gmt":"2011-06-26T20:45:19","guid":{"rendered":"http:\/\/nydalen.idrett.no\/orientering\/?p=3347"},"modified":"2011-08-18T15:13:07","modified_gmt":"2011-08-18T13:13:07","slug":"o-festivalen-stafett-opptur-for-herrelaget","status":"publish","type":"post","link":"https:\/\/nydalen.idrett.no\/orientering\/2011\/06\/26\/o-festivalen-stafett-opptur-for-herrelaget\/","title":{"rendered":"O-Festivalen stafett: Opptur for herrelaget!"},"content":{"rendered":"<p><a href=\"http:\/\/nydalen.idrett.no\/orientering\/2011\/06\/26\/o-festivalen-stafett-opptur-for-herrelaget\/ofests_h16_spurt200\/\" rel=\"attachment wp-att-3348\"><img loading=\"lazy\" decoding=\"async\" class=\"alignleft size-full wp-image-3348\" title=\"OfestS_H16_Spurt200\" src=\"http:\/\/nydalen.idrett.no\/orientering\/wp-content\/uploads\/2011\/06\/OfestS_H16_Spurt200.jpg\" alt=\"\" width=\"200\" height=\"172\" \/><\/a>Nydalens SK stilte som vanlig med mange lag i alle klasser i O-festivalens stafetter.<\/p>\n<p>Det var mye bra l\u00f8ping, og vi fikk en solid opptur med en sterk 7.plass i herreklassen.<\/p>\n<p><!--more--><\/p>\n<p>Det var tildels tungt terreng og krevende orientering p\u00e5 alle etapper i stafetten p\u00e5 Nesodden s\u00f8ndag.<\/p>\n<p>Senior-guttas f\u00f8rstelag slo til med 5 gode etapper og ble nr 7 i et veldig sterkt startfelt.<\/p>\n<p>P\u00e5 laget l\u00f8p Per \u00d8yvindS, AndersB, HansT, SigveV og \u00d8ysteinP, og ingen meldte om s\u00e6rlig bom.\u00a0En fortjent opptur!<\/p>\n<p>De andre herrelagene havnet litt nede p\u00e5 listene. Men vi merker oss innsatsen og etappetidene p\u00e5 fjerdelaget, som hadde gjennomsnittsalder langt oppe p\u00e5 40-tallet. \u00a027.plass av ca 80 lag er sterkt av denne gjengen.<\/p>\n<p>F\u00f8rstelaget i dameklassen kom litt skjevt ut, men l\u00f8p seg sterkt opp etter hvert. P\u00e5 andrelaget ble det l\u00f8pt jevnt bra,\u00a0og de klarte \u00e5 holde unna for f\u00f8rstelaget p\u00e5 siste etappe. Annetlaget nr 11, f\u00f8rstelaget nr 12 av ca 60 startende lag.<\/p>\n<p>I ungdomsklassene ble det dessverre mye bomming p\u00e5 f\u00f8rsteetappene, og vi havnet et godt stykke bak teten b\u00e5de for gutter og jenter. Men Erik og Jonas l\u00f8p sv\u00e6rt bra, og l\u00f8p NSK1 opp til en sterk 3. plass av ca 60 lag, mens jentene til slutt ble nr. 7 av ca 45 lag.<\/p>\n<p>Verdt \u00e5 merke seg er innsatsen til de tre 13-\u00e5ringene Sam, Gjermund og Eirik p\u00e5 NSK 3 i gutteklassen. De l\u00f8p inn til en flott 16.plass med gode etappetider. Premie ble det ogs\u00e5 til guttas annetlag, p\u00e5 21.plass.<\/p>\n<p>God stemning i leiren &#8211; sommerl\u00f8p neste!<\/p>\n<p>Stafett-resultater: Se <a href=\"http:\/\/www.odagfinn.net\/resultater\/o2011\/ofstaf\/CLASS.HTM\">O-festivalens resultatside<\/a><\/p>\n<p><strong>Glimt fra Stafettene p\u00e5 Nesodden:<\/strong><\/p>\n<p><a href=\"http:\/\/nydalen.idrett.no\/orientering\/2011\/06\/26\/o-festivalen-stafett-opptur-for-herrelaget\/ofests_h16_start\/\" rel=\"attachment wp-att-3349\"><img loading=\"lazy\" decoding=\"async\" class=\"alignnone size-full wp-image-3349\" title=\"OfestS_H16_Start\" src=\"http:\/\/nydalen.idrett.no\/orientering\/wp-content\/uploads\/2011\/06\/OfestS_H16_Start.jpg\" alt=\"\" width=\"500\" height=\"304\" \/><\/a><br \/>\nGuttas f\u00f8rsteetappel\u00f8pere: Sigmund, Sam, Jostein, Aksel og Vebj\u00f8rn<\/p>\n<p><a href=\"http:\/\/nydalen.idrett.no\/orientering\/2011\/06\/26\/o-festivalen-stafett-opptur-for-herrelaget\/ofests_d16start\/\" rel=\"attachment wp-att-3350\"><img loading=\"lazy\" decoding=\"async\" class=\"alignnone size-full wp-image-3350\" title=\"OfestS_D16Start\" src=\"http:\/\/nydalen.idrett.no\/orientering\/wp-content\/uploads\/2011\/06\/OfestS_D16Start.jpg\" alt=\"\" width=\"500\" height=\"387\" \/><\/a><br \/>\nJentelagene : Anine H, Johanne og Solveig.<\/p>\n<p><a href=\"http:\/\/nydalen.idrett.no\/orientering\/2011\/06\/26\/o-festivalen-stafett-opptur-for-herrelaget\/ofests_gjermundth\/\" rel=\"attachment wp-att-3351\"><img loading=\"lazy\" decoding=\"async\" class=\"alignnone size-full wp-image-3351\" title=\"OfestS_GjermundTH\" src=\"http:\/\/nydalen.idrett.no\/orientering\/wp-content\/uploads\/2011\/06\/OfestS_GjermundTH.jpg\" alt=\"\" width=\"500\" height=\"420\" \/><\/a><br \/>\nGjermund TH, sterk 2.etappe for NSK3<\/p>\n<p><a href=\"http:\/\/nydalen.idrett.no\/orientering\/2011\/06\/26\/o-festivalen-stafett-opptur-for-herrelaget\/ofests_eirikb\/\" rel=\"attachment wp-att-3352\"><img loading=\"lazy\" decoding=\"async\" class=\"alignnone size-full wp-image-3352\" title=\"OfestS_EirikB\" src=\"http:\/\/nydalen.idrett.no\/orientering\/wp-content\/uploads\/2011\/06\/OfestS_EirikB.jpg\" alt=\"\" width=\"500\" height=\"434\" \/><\/a><\/p>\n<p>Eirik B, NSK3, godt forn\u00f8yd med sin 3. etappe.<\/p>\n<p><a href=\"http:\/\/nydalen.idrett.no\/orientering\/2011\/06\/26\/o-festivalen-stafett-opptur-for-herrelaget\/ofests_vekslingh17\/\" rel=\"attachment wp-att-3355\"><img loading=\"lazy\" decoding=\"async\" class=\"alignnone size-full wp-image-3355\" title=\"OfestS_VekslingH17\" src=\"http:\/\/nydalen.idrett.no\/orientering\/wp-content\/uploads\/2011\/06\/OfestS_VekslingH17.jpg\" alt=\"\" width=\"500\" height=\"412\" \/><\/a><br \/>\nHans T gir riktig kart til Sigve V.<\/p>\n<p><a href=\"http:\/\/nydalen.idrett.no\/orientering\/2011\/06\/26\/o-festivalen-stafett-opptur-for-herrelaget\/ofests_d16_spurt\/\" rel=\"attachment wp-att-3353\"><img loading=\"lazy\" decoding=\"async\" class=\"alignnone size-full wp-image-3353\" title=\"OfestS_D16_Spurt\" src=\"http:\/\/nydalen.idrett.no\/orientering\/wp-content\/uploads\/2011\/06\/OfestS_D16_Spurt.jpg\" alt=\"\" width=\"500\" height=\"431\" \/><\/a><br \/>\nAnine A gir som alltid full guffe i spurten.<\/p>\n<p><a href=\"http:\/\/nydalen.idrett.no\/orientering\/2011\/06\/26\/o-festivalen-stafett-opptur-for-herrelaget\/ofests_d17_ingvild\/\" rel=\"attachment wp-att-3354\"><img loading=\"lazy\" decoding=\"async\" class=\"alignnone size-full wp-image-3354\" title=\"OfestS_D17_Ingvild\" src=\"http:\/\/nydalen.idrett.no\/orientering\/wp-content\/uploads\/2011\/06\/OfestS_D17_Ingvild.jpg\" alt=\"\" width=\"500\" height=\"382\" \/><\/a><br \/>\nIngvild BS NSK2 holder f\u00f8rstelaget bak seg p\u00e5 siste etappe.<\/p>\n<p><a href=\"http:\/\/nydalen.idrett.no\/orientering\/2011\/06\/26\/o-festivalen-stafett-opptur-for-herrelaget\/ofests_h17_p\/\" rel=\"attachment wp-att-3356\"><img loading=\"lazy\" decoding=\"async\" class=\"alignnone size-full wp-image-3356\" title=\"OfestS_H17_P\" src=\"http:\/\/nydalen.idrett.no\/orientering\/wp-content\/uploads\/2011\/06\/OfestS_H17_P.jpg\" alt=\"\" width=\"500\" height=\"490\" \/><\/a><br \/>\nP spurter inn til 7.plass etter en god sisteetappe.<\/p>\n<p><a href=\"http:\/\/nydalen.idrett.no\/orientering\/2011\/06\/26\/o-festivalen-stafett-opptur-for-herrelaget\/ofests_premierh17\/\" rel=\"attachment wp-att-3357\"><img loading=\"lazy\" decoding=\"async\" class=\"alignnone size-full wp-image-3357\" title=\"OfestS_PremierH17\" src=\"http:\/\/nydalen.idrett.no\/orientering\/wp-content\/uploads\/2011\/06\/OfestS_PremierH17.jpg\" alt=\"\" width=\"500\" height=\"418\" \/><\/a><br \/>\nPremieutdeling; Opptur! \u00a0(Eivind er &#8216;stand-in&#8217; for Hans &#8230;)<\/p>\n","protected":false},"excerpt":{"rendered":"<p>Nydalens SK stilte som vanlig med mange lag i alle klasser i O-festivalens stafetter. Det var mye bra l\u00f8ping, og vi fikk en solid opptur med en sterk 7.plass i herreklassen.<\/p>\n","protected":false},"author":4,"featured_media":0,"comment_status":"open","ping_status":"closed","sticky":false,"template":"","format":"standard","meta":{"footnotes":""},"categories":[10],"tags":[],"class_list":["post-3347","post","type-post","status-publish","format-standard","hentry","category-sportslig"],"_links":{"self":[{"href":"https:\/\/nydalen.idrett.no\/orientering\/wp-json\/wp\/v2\/posts\/3347","targetHints":{"allow":["GET"]}}],"collection":[{"href":"https:\/\/nydalen.idrett.no\/orientering\/wp-json\/wp\/v2\/posts"}],"about":[{"href":"https:\/\/nydalen.idrett.no\/orientering\/wp-json\/wp\/v2\/types\/post"}],"author":[{"embeddable":true,"href":"https:\/\/nydalen.idrett.no\/orientering\/wp-json\/wp\/v2\/users\/4"}],"replies":[{"embeddable":true,"href":"https:\/\/nydalen.idrett.no\/orientering\/wp-json\/wp\/v2\/comments?post=3347"}],"version-history":[{"count":13,"href":"https:\/\/nydalen.idrett.no\/orientering\/wp-json\/wp\/v2\/posts\/3347\/revisions"}],"predecessor-version":[{"id":3584,"href":"https:\/\/nydalen.idrett.no\/orientering\/wp-json\/wp\/v2\/posts\/3347\/revisions\/3584"}],"wp:attachment":[{"href":"https:\/\/nydalen.idrett.no\/orientering\/wp-json\/wp\/v2\/media?parent=3347"}],"wp:term":[{"taxonomy":"category","embeddable":true,"href":"https:\/\/nydalen.idrett.no\/orientering\/wp-json\/wp\/v2\/categories?post=3347"},{"taxonomy":"post_tag","embeddable":true,"href":"https:\/\/nydalen.idrett.no\/orientering\/wp-json\/wp\/v2\/tags?post=3347"}],"curies":[{"name":"wp","href":"https:\/\/api.w.org\/{rel}","templated":true}]}}