{"id":3115,"date":"2011-06-08T00:27:10","date_gmt":"2011-06-07T22:27:10","guid":{"rendered":"http:\/\/nydalen.idrett.no\/orientering\/?p=3115"},"modified":"2011-06-08T10:20:00","modified_gmt":"2011-06-08T08:20:00","slug":"stor-deltakelse-i-klubbmesterskapet","status":"publish","type":"post","link":"https:\/\/nydalen.idrett.no\/orientering\/2011\/06\/08\/stor-deltakelse-i-klubbmesterskapet\/","title":{"rendered":"Ragvin og V\u00e5gsnes ble klubbmestere"},"content":{"rendered":"<p><a rel=\"attachment wp-att-3116\" href=\"http:\/\/nydalen.idrett.no\/orientering\/2011\/06\/08\/stor-deltakelse-i-klubbmesterskapet\/klm_200\/\"><img loading=\"lazy\" decoding=\"async\" class=\"alignleft size-full wp-image-3116\" title=\"KLM_200\" src=\"http:\/\/nydalen.idrett.no\/orientering\/wp-content\/uploads\/2011\/06\/KLM_200.jpg\" alt=\"\" width=\"200\" height=\"149\" \/><\/a>Det var 166 startende i \u00e5rets klubbmesterskap ved \u00d8vresetertjern. \u00a0Gr\u00e5tt og v\u00e5tt v\u00e6r gjorde at den helt store sommerstemningen uteble.<\/p>\n<p>&nbsp;<\/p>\n<p>Men verdige klubbmestere ble k\u00e5ret.<\/p>\n<p>&nbsp;<\/p>\n<p><!--more--><\/p>\n<p>&nbsp;<\/p>\n<p>&nbsp;<\/p>\n<p>T\u00e5ke og gr\u00e5v\u00e6r satte sitt preg p\u00e5 stemningen rundt Tryvanns\u00e5sen. Allikevel ble det ny deltakerrekord for klubbmesterskapet. \u00a0Noen l\u00f8p for f\u00f8rste gang, noen l\u00f8p bra, og noen bomma jo litt da.<\/p>\n<p><strong>Klubbmestere 2011<\/strong><br \/>\nD11-12 Henriette Smeby<br \/>\nH11-12 Elias Jonsson<br \/>\nD13-14 Anine Hall\u00e9n<br \/>\nH13-14 \u00c5smund Aamodt Resell<br \/>\nD15-16 Anine Ahlsand<br \/>\nH15-16 Erik Olsvik Dengerud<br \/>\nD17- Nicole Ragvin<br \/>\nH17- Sigve V\u00e5gsnes<br \/>\nD45- Alix Young Vik<br \/>\nH45- Eirik N\u00e6ss-Ulseth<\/p>\n<p><a href=\"http:\/\/eventor.orientering.no\/Events\/Show\/748\">Resultater og strekktider i Eventor<\/a> <a href=\"http:\/\/grefsenkollenopp.no\/2011\/KLM\/htmlfiler\/Spklasse.htm\">Strekktidsgrafikk<\/a><\/p>\n<p>Takk til EllenT og AnneB (premier), ChristianV (bistand kart og l\u00f8yper) og til gubbe-gjengen ved CalleH, GunnarH, ToreLj og \u00d8ysteinR for bistand ved start og m\u00e5l.<\/p>\n<p><strong>Eventor-test<\/strong><br \/>\nKlubbmesterskapet 2011 har v\u00e6rt &#8216;pilot&#8217; for v\u00e5r bruk av Eventor mot Emits \u00a0tidtakingsprogramvare \u00a0eTiming. \u00a0P\u00e5meldinger er importert fra Eventor, og resultatene er i etterkant lastet opp til Eventor og Winsplits (for strekktider). Vi er noen erfaringer rikere foran kommende st\u00f8rre arrangement.<\/p>\n<p><strong>Noen glimt fra \u00d8vresetertjern:<\/strong><\/p>\n<p><a rel=\"attachment wp-att-3117\" href=\"http:\/\/nydalen.idrett.no\/orientering\/2011\/06\/08\/stor-deltakelse-i-klubbmesterskapet\/klm_2\/\"><img loading=\"lazy\" decoding=\"async\" class=\"alignnone size-full wp-image-3117\" title=\"KLM_2\" src=\"http:\/\/nydalen.idrett.no\/orientering\/wp-content\/uploads\/2011\/06\/KLM_2.jpg\" alt=\"\" width=\"500\" height=\"354\" \/><br \/>\n<\/a>M\u00e5lgang<br \/>\n<a rel=\"attachment wp-att-3118\" href=\"http:\/\/nydalen.idrett.no\/orientering\/2011\/06\/08\/stor-deltakelse-i-klubbmesterskapet\/klm_3\/\"><br \/>\n<img loading=\"lazy\" decoding=\"async\" class=\"alignnone size-full wp-image-3118\" title=\"KLM_3\" src=\"http:\/\/nydalen.idrett.no\/orientering\/wp-content\/uploads\/2011\/06\/KLM_3.jpg\" alt=\"\" width=\"500\" height=\"382\" \/><\/a><br \/>\nKlubbmester 2011: Nicole R.<br \/>\n<a rel=\"attachment wp-att-3119\" href=\"http:\/\/nydalen.idrett.no\/orientering\/2011\/06\/08\/stor-deltakelse-i-klubbmesterskapet\/klm_4\/\"><img loading=\"lazy\" decoding=\"async\" class=\"alignnone size-full wp-image-3119\" title=\"KLM_4\" src=\"http:\/\/nydalen.idrett.no\/orientering\/wp-content\/uploads\/2011\/06\/KLM_4.jpg\" alt=\"\" width=\"500\" height=\"452\" \/><\/a><br \/>\nBugnende premiebord<br \/>\n<a rel=\"attachment wp-att-3120\" href=\"http:\/\/nydalen.idrett.no\/orientering\/2011\/06\/08\/stor-deltakelse-i-klubbmesterskapet\/klm_1\/\"><img loading=\"lazy\" decoding=\"async\" class=\"alignnone size-full wp-image-3120\" title=\"KLM_1\" src=\"http:\/\/nydalen.idrett.no\/orientering\/wp-content\/uploads\/2011\/06\/KLM_1.jpg\" alt=\"\" width=\"500\" height=\"375\" \/><\/a><br \/>\nGr\u00e5v\u00e6r over Tryvanns\u00e5sen<\/p>\n","protected":false},"excerpt":{"rendered":"<p>Det var 166 startende i \u00e5rets klubbmesterskap ved \u00d8vresetertjern. \u00a0Gr\u00e5tt og v\u00e5tt v\u00e6r gjorde at den helt store sommerstemningen uteble. &nbsp; Men verdige klubbmestere ble k\u00e5ret. &nbsp;<\/p>\n","protected":false},"author":4,"featured_media":0,"comment_status":"open","ping_status":"closed","sticky":false,"template":"","format":"standard","meta":{"footnotes":""},"categories":[4,19,10,20],"tags":[],"class_list":["post-3115","post","type-post","status-publish","format-standard","hentry","category-elite","category-rekrutter-8-12-ar","category-sportslig","category-ungdom-13-16-ar"],"_links":{"self":[{"href":"https:\/\/nydalen.idrett.no\/orientering\/wp-json\/wp\/v2\/posts\/3115","targetHints":{"allow":["GET"]}}],"collection":[{"href":"https:\/\/nydalen.idrett.no\/orientering\/wp-json\/wp\/v2\/posts"}],"about":[{"href":"https:\/\/nydalen.idrett.no\/orientering\/wp-json\/wp\/v2\/types\/post"}],"author":[{"embeddable":true,"href":"https:\/\/nydalen.idrett.no\/orientering\/wp-json\/wp\/v2\/users\/4"}],"replies":[{"embeddable":true,"href":"https:\/\/nydalen.idrett.no\/orientering\/wp-json\/wp\/v2\/comments?post=3115"}],"version-history":[{"count":19,"href":"https:\/\/nydalen.idrett.no\/orientering\/wp-json\/wp\/v2\/posts\/3115\/revisions"}],"predecessor-version":[{"id":3130,"href":"https:\/\/nydalen.idrett.no\/orientering\/wp-json\/wp\/v2\/posts\/3115\/revisions\/3130"}],"wp:attachment":[{"href":"https:\/\/nydalen.idrett.no\/orientering\/wp-json\/wp\/v2\/media?parent=3115"}],"wp:term":[{"taxonomy":"category","embeddable":true,"href":"https:\/\/nydalen.idrett.no\/orientering\/wp-json\/wp\/v2\/categories?post=3115"},{"taxonomy":"post_tag","embeddable":true,"href":"https:\/\/nydalen.idrett.no\/orientering\/wp-json\/wp\/v2\/tags?post=3115"}],"curies":[{"name":"wp","href":"https:\/\/api.w.org\/{rel}","templated":true}]}}