{"id":20948,"date":"2026-09-01T10:40:01","date_gmt":"2026-09-01T08:40:01","guid":{"rendered":"https:\/\/nydalen.idrett.no\/orientering\/?p=20948"},"modified":"2026-09-01T10:40:01","modified_gmt":"2026-09-01T08:40:01","slug":"harry-lagerts-nattcup-2026","status":"publish","type":"post","link":"https:\/\/nydalen.idrett.no\/orientering\/2026\/09\/01\/harry-lagerts-nattcup-2026\/","title":{"rendered":"Harry Lagerts Nattcup 2026"},"content":{"rendered":"\n<p><strong>\u00c5rgang 27<\/strong> &#8211;<strong> Sesongstart 23.9<\/strong> p\u00e5 L\u00e5keberget.<br>I \u00e5r : 3 innledende l\u00f8p og en stafett, f\u00f8r langdistanse jaktstart.<br>Sosialt,  Kvalitet,  Prestisje ; Moro !     P\u00e5melding i Eventor.<\/p>\n\n\n\n<p>All info : F\u00f8lg med p\u00e5 <a href=\"https:\/\/nydalen.idrett.no\/orientering\/arrangementer\/harry-lagert\/\"><strong>HarryLagerts-web&#8217;en<\/strong><\/a><br><\/p>\n","protected":false},"excerpt":{"rendered":"<p>\u00c5rgang 27 &#8211; Sesongstart 23.9 p\u00e5 L\u00e5keberget.I \u00e5r : 3 innledende l\u00f8p og en stafett, f\u00f8r langdistanse jaktstart.Sosialt, Kvalitet, Prestisje ; Moro ! P\u00e5melding i Eventor. All info : F\u00f8lg med p\u00e5 HarryLagerts-web&#8217;en<\/p>\n","protected":false},"author":4,"featured_media":0,"comment_status":"open","ping_status":"closed","sticky":false,"template":"","format":"standard","meta":{"footnotes":""},"categories":[4,6,10,20,48],"tags":[],"class_list":["post-20948","post","type-post","status-publish","format-standard","hentry","category-elite","category-sosialt","category-sportslig","category-ungdom-13-16-ar","category-veteraner"],"_links":{"self":[{"href":"https:\/\/nydalen.idrett.no\/orientering\/wp-json\/wp\/v2\/posts\/20948","targetHints":{"allow":["GET"]}}],"collection":[{"href":"https:\/\/nydalen.idrett.no\/orientering\/wp-json\/wp\/v2\/posts"}],"about":[{"href":"https:\/\/nydalen.idrett.no\/orientering\/wp-json\/wp\/v2\/types\/post"}],"author":[{"embeddable":true,"href":"https:\/\/nydalen.idrett.no\/orientering\/wp-json\/wp\/v2\/users\/4"}],"replies":[{"embeddable":true,"href":"https:\/\/nydalen.idrett.no\/orientering\/wp-json\/wp\/v2\/comments?post=20948"}],"version-history":[{"count":1,"href":"https:\/\/nydalen.idrett.no\/orientering\/wp-json\/wp\/v2\/posts\/20948\/revisions"}],"predecessor-version":[{"id":20949,"href":"https:\/\/nydalen.idrett.no\/orientering\/wp-json\/wp\/v2\/posts\/20948\/revisions\/20949"}],"wp:attachment":[{"href":"https:\/\/nydalen.idrett.no\/orientering\/wp-json\/wp\/v2\/media?parent=20948"}],"wp:term":[{"taxonomy":"category","embeddable":true,"href":"https:\/\/nydalen.idrett.no\/orientering\/wp-json\/wp\/v2\/categories?post=20948"},{"taxonomy":"post_tag","embeddable":true,"href":"https:\/\/nydalen.idrett.no\/orientering\/wp-json\/wp\/v2\/tags?post=20948"}],"curies":[{"name":"wp","href":"https:\/\/api.w.org\/{rel}","templated":true}]}}