{"id":20735,"date":"2026-04-27T16:27:22","date_gmt":"2026-04-27T14:27:22","guid":{"rendered":"https:\/\/nydalen.idrett.no\/orientering\/?p=20735"},"modified":"2026-04-28T08:16:19","modified_gmt":"2026-04-28T06:16:19","slug":"uttak-til-tiomila-2026","status":"publish","type":"post","link":"https:\/\/nydalen.idrett.no\/orientering\/2026\/04\/27\/uttak-til-tiomila-2026\/","title":{"rendered":"Uttak til Tiomila 2026"},"content":{"rendered":"\n<p>N\u00e5 er lagene til \u00e5rets Tiomila klare. Stafetten g\u00e5r 2-3. mai i Tran\u00e5s. Mer info om \u00e5rets Tiomila: <a href=\"https:\/\/tiomila.se\/2026\/\">https:\/\/tiomila.se\/2026\/<\/a>. Intern info om klubbens reise og opplegg finnes i Spond.<\/p>\n\n\n\n<h2 class=\"wp-block-heading\">Damer<\/h2>\n\n\n\n<figure class=\"wp-block-table has-small-font-size\"><table><thead><tr><th>Etappe<\/th><th>Lag 1<\/th><th>Lag 2<\/th><th>Lag 3<\/th><th>Lag 4<\/th><th>Lag 5<\/th><th>Lag 6<\/th><th>Reserver<\/th><\/tr><\/thead><tbody><tr><td>1<\/td><td>Emma Arnesen<\/td><td>Alice Eid<\/td><td>Mathilde R Koren<\/td><td>Live R L\u00f8berg<\/td><td>Idunn Haavengen<\/td><td>Boiana Iordanova<\/td><td>Nora Graffer<\/td><\/tr><tr><td>2<\/td><td>Kaja W Nordhagen<\/td><td>Siri Ulvestad<\/td><td>Marte Narum<\/td><td>Nicole Ragvin<\/td><td>Katarina Kubinov\u00e1<\/td><td>Ylva S Nikolaisen<\/td><td>Liv Durix-Muris<\/td><\/tr><tr><td>3<\/td><td>Ane Dyrkorn<\/td><td>Joelle Meister<\/td><td>Ronja Bj\u00f6rklund<\/td><td>Helle B Debernard<\/td><td>Elise W Hauge<\/td><td>Ellen Kl\u00fcser<\/td><td><\/td><\/tr><tr><td>4<\/td><td>Tone B Lye<\/td><td>Lone Brochmann<\/td><td>Mariann Ulvestad<\/td><td>Emilie Westin<\/td><td>Katja Mj\u00f8sund<\/td><td>Fr\u00f8ya W Thorsrud<\/td><td><\/td><\/tr><tr><td>5<\/td><td>Anne Margrethe H Nordberg<\/td><td>Helena Karlsson<\/td><td>Mariann Zernant<\/td><td>Tonje A Nymark<\/td><td>Dana Stene<\/td><td>Jenny Mackenzie<\/td><td><\/td><\/tr><tr><td>6<\/td><td>Victoria Bj\u00f8rnstad<\/td><td>Anna Ulvens\u00f8en<\/td><td>Hanna Wey<\/td><td>Mirjam W\u00fcrsten<\/td><td>Kjersti Westin<\/td><td>Eli Fjellbirkeland Johannesen<\/td><td><\/td><\/tr><\/tbody><\/table><\/figure>\n\n\n\n<h2 class=\"wp-block-heading\">Herrer<\/h2>\n\n\n\n<figure class=\"wp-block-table has-small-font-size\"><table><thead><tr><th>Etappe<\/th><th>Lag 1<\/th><th>Lag 2<\/th><th>Lag 3<\/th><th>Lag 4<\/th><th>Lag 5<\/th><th>Lag 6<\/th><th>Reserver<\/th><\/tr><\/thead><tbody><tr><td>1<\/td><td>Alan Cherry<\/td><td>Sigurd S Antonsen<\/td><td>Karl O Rygh<\/td><td>Linus Mj\u00f8sund<\/td><td>Knut Landstad<\/td><td>Jonathan B Fodstad<\/td><td>Knut Aalde<\/td><\/tr><tr><td>2<\/td><td>Hans G Urset<\/td><td>Sindre \u00d8 Deisz<\/td><td>Alfred Teig<\/td><td>Erlend Aune<\/td><td>Ottar Wiklund<\/td><td>Andreas N Aspelund<\/td><td>Endre Stokseth<\/td><\/tr><tr><td>3<\/td><td>Jon A Osmoen<\/td><td>Bojan Blumenstein<\/td><td>H\u00e5kon F Christiansen<\/td><td>Vetle G Ekra<\/td><td>P\u00e5l Haavengen<\/td><td>Trond K Nyland<\/td><td><\/td><\/tr><tr><td>4<\/td><td>Sander Arntzen<\/td><td>Alastair Thomas<\/td><td>Filip Kubina<\/td><td>\u00d8ystein Rodem<\/td><td>Asgeir Mj\u00f8sund<\/td><td>Simon Bengtsson<\/td><td><\/td><\/tr><tr><td>5<\/td><td>Rasmus R Theisen<\/td><td>Eirik K Hovind<\/td><td>Halvor Eid<\/td><td>Per Noah Sommerhein<\/td><td>Christian Vogelsang<\/td><td>Runar Hafskjold<\/td><td><\/td><\/tr><tr><td>6<\/td><td>Oskar S Storhov<\/td><td>Anders Nordberg<\/td><td>Torkil E Solstad<\/td><td>John Kasper Svergja<\/td><td>Per \u00d8yvind Stene<\/td><td>Sindre Langaas<\/td><td><\/td><\/tr><tr><td>7<\/td><td>H\u00e5vard Haga<\/td><td>Sverre T Sandvold<\/td><td>Simen E Nielsen<\/td><td>Maxi Mackenzie<\/td><td>Bj\u00f8rn Hauge<\/td><td>Elias Jonsson<\/td><td><\/td><\/tr><tr><td>8<\/td><td>H\u00e5vard S Eidsmo<\/td><td>Vegard B Johnsen<\/td><td>Kasper B Ulseth<\/td><td>Rasmus Mj\u00f8sund<\/td><td>Alexander Smidt-Olsen<\/td><td>Sondre R Br\u00e5ten<\/td><td><\/td><\/tr><tr><td>9<\/td><td>Lukas Liland<\/td><td>Sondre Hafskjold<\/td><td>Martin Hoset<\/td><td>Rasmus Mackenzie<\/td><td>Rune Scheele<\/td><td>Kristian Fredrik Lynum<\/td><td><\/td><\/tr><tr><td>10<\/td><td>Eirik L Breivik<\/td><td>Oskar Leinonen<\/td><td>Jonas M Bakken<\/td><td>Eskil Hafskjold<\/td><td>Esten Koren<\/td><td>Torstein Hole<\/td><td><\/td><\/tr><\/tbody><\/table><\/figure>\n","protected":false},"excerpt":{"rendered":"<p>N\u00e5 er lagene til \u00e5rets Tiomila klare. Stafetten g\u00e5r 2-3. mai i Tran\u00e5s. Mer info om \u00e5rets Tiomila: https:\/\/tiomila.se\/2026\/. Intern info om klubbens reise og opplegg finnes i Spond. Damer Etappe Lag 1 Lag 2 Lag 3 Lag 4 Lag &hellip; <a class=\"more-link\" href=\"https:\/\/nydalen.idrett.no\/orientering\/2026\/04\/27\/uttak-til-tiomila-2026\/\">Les videre <span class=\"meta-nav\">&rarr;<\/span><\/a><\/p>\n","protected":false},"author":73,"featured_media":0,"comment_status":"open","ping_status":"closed","sticky":false,"template":"","format":"standard","meta":{"footnotes":""},"categories":[1],"tags":[],"class_list":["post-20735","post","type-post","status-publish","format-standard","hentry","category-usortert"],"_links":{"self":[{"href":"https:\/\/nydalen.idrett.no\/orientering\/wp-json\/wp\/v2\/posts\/20735","targetHints":{"allow":["GET"]}}],"collection":[{"href":"https:\/\/nydalen.idrett.no\/orientering\/wp-json\/wp\/v2\/posts"}],"about":[{"href":"https:\/\/nydalen.idrett.no\/orientering\/wp-json\/wp\/v2\/types\/post"}],"author":[{"embeddable":true,"href":"https:\/\/nydalen.idrett.no\/orientering\/wp-json\/wp\/v2\/users\/73"}],"replies":[{"embeddable":true,"href":"https:\/\/nydalen.idrett.no\/orientering\/wp-json\/wp\/v2\/comments?post=20735"}],"version-history":[{"count":14,"href":"https:\/\/nydalen.idrett.no\/orientering\/wp-json\/wp\/v2\/posts\/20735\/revisions"}],"predecessor-version":[{"id":20749,"href":"https:\/\/nydalen.idrett.no\/orientering\/wp-json\/wp\/v2\/posts\/20735\/revisions\/20749"}],"wp:attachment":[{"href":"https:\/\/nydalen.idrett.no\/orientering\/wp-json\/wp\/v2\/media?parent=20735"}],"wp:term":[{"taxonomy":"category","embeddable":true,"href":"https:\/\/nydalen.idrett.no\/orientering\/wp-json\/wp\/v2\/categories?post=20735"},{"taxonomy":"post_tag","embeddable":true,"href":"https:\/\/nydalen.idrett.no\/orientering\/wp-json\/wp\/v2\/tags?post=20735"}],"curies":[{"name":"wp","href":"https:\/\/api.w.org\/{rel}","templated":true}]}}