{"id":17820,"date":"2021-06-26T17:42:10","date_gmt":"2021-06-26T15:42:10","guid":{"rendered":"https:\/\/nydalen.idrett.no\/orientering\/?p=17820"},"modified":"2021-06-26T17:48:17","modified_gmt":"2021-06-26T15:48:17","slug":"rasmus-rorholt-theisen-ny-hovedtrener","status":"publish","type":"post","link":"https:\/\/nydalen.idrett.no\/orientering\/2021\/06\/26\/rasmus-rorholt-theisen-ny-hovedtrener\/","title":{"rendered":"Rasmus R\u00f8rholt Theisen ny hovedtrener"},"content":{"rendered":"\n<figure class=\"wp-block-image size-large is-style-default\"><img loading=\"lazy\" decoding=\"async\" width=\"722\" height=\"962\" src=\"https:\/\/nydalen.idrett.no\/orientering\/wp-content\/uploads\/2021\/06\/208348397_1013645246109032_5532474056374140756_n-722x962.jpg\" alt=\"\" class=\"wp-image-17821\" srcset=\"https:\/\/nydalen.idrett.no\/orientering\/wp-content\/uploads\/2021\/06\/208348397_1013645246109032_5532474056374140756_n-722x962.jpg 722w, https:\/\/nydalen.idrett.no\/orientering\/wp-content\/uploads\/2021\/06\/208348397_1013645246109032_5532474056374140756_n-375x500.jpg 375w, https:\/\/nydalen.idrett.no\/orientering\/wp-content\/uploads\/2021\/06\/208348397_1013645246109032_5532474056374140756_n-768x1024.jpg 768w, https:\/\/nydalen.idrett.no\/orientering\/wp-content\/uploads\/2021\/06\/208348397_1013645246109032_5532474056374140756_n-1152x1536.jpg 1152w, https:\/\/nydalen.idrett.no\/orientering\/wp-content\/uploads\/2021\/06\/208348397_1013645246109032_5532474056374140756_n-1536x2048.jpg 1536w, https:\/\/nydalen.idrett.no\/orientering\/wp-content\/uploads\/2021\/06\/208348397_1013645246109032_5532474056374140756_n-scaled.jpg 1920w\" sizes=\"auto, (max-width: 722px) 100vw, 722px\" \/><\/figure>\n\n\n\n<p>Rasmus er fra 1.august ansatt som ny hovedtrener i Nydalens Skiklub i en 50% stilling. <\/p>\n\n\n\n<p>Rasmus er 26 \u00e5r og oppvokst p\u00e5 Rundhaug i Troms, like ved Bardufoss. Han gikk p\u00e5 videreg\u00e5ende skole i Troms\u00f8 f\u00f8r han flyttet til Trondheim og startet p\u00e5 NTNU. Der har f\u00e5tt en sivilingeni\u00f8rgrad innen Produktutvikling og Produksjon (Maskin), tatt Praktisk pedagogisk utdanning og n\u00e5 det siste \u00e5ret tatt et \u00e5rsstudium i \u00f8konomi og administrasjon. <\/p>\n\n\n\n<p>I NTNUI Orientering har han blant annet v\u00e6rt sportslig leder, elitekoordinator, kartsjef, l\u00f8psleder og medlem av UK. I tillegg til dette har han v\u00e6rt soneutvikler i S\u00f8r-Tr\u00f8ndelag Orienteringskrets, der han har bist\u00e5tt idrettslag ved gjennomf\u00f8ring av rekrutteringsarrangement, og konkurranser, samt hjulpet skoler med undervisning i orientering. Han var ogs\u00e5 ansatt i Norges Orienteringsforbund som koordinator for Kraftsenter Tr\u00f8ndelag, som var en undergruppe til landslaget. <\/p>\n\n\n\n<p>Han startet sin o-karriere i Mellembygd OL og BUL Troms\u00f8 f\u00f8r han har v\u00e6rt i NTNUI de siste 8 \u00e5rene. Som o-l\u00f8per fikk han sitt gjennombrudd da han vant NM ultralang i 2014 i eldste juniorklasse og har etter det flere topp 10 plasseringer i NM som senior. <\/p>\n\n\n\n<p>Rasmus vil kombinere jobben som hovedtrener med egen satsning. <\/p>\n\n\n\n<p>Velkommen skal du v\u00e6re, Rasmus!<\/p>\n","protected":false},"excerpt":{"rendered":"<p>Rasmus er fra 1.august ansatt som ny hovedtrener i Nydalens Skiklub i en 50% stilling. Rasmus er 26 \u00e5r og oppvokst p\u00e5 Rundhaug i Troms, like ved Bardufoss. Han gikk p\u00e5 videreg\u00e5ende skole i Troms\u00f8 f\u00f8r han flyttet til Trondheim &hellip; <a class=\"more-link\" href=\"https:\/\/nydalen.idrett.no\/orientering\/2021\/06\/26\/rasmus-rorholt-theisen-ny-hovedtrener\/\">Les videre <span class=\"meta-nav\">&rarr;<\/span><\/a><\/p>\n","protected":false},"author":65,"featured_media":0,"comment_status":"open","ping_status":"closed","sticky":false,"template":"","format":"standard","meta":{"footnotes":""},"categories":[10,1],"tags":[],"class_list":["post-17820","post","type-post","status-publish","format-standard","hentry","category-sportslig","category-usortert"],"_links":{"self":[{"href":"https:\/\/nydalen.idrett.no\/orientering\/wp-json\/wp\/v2\/posts\/17820","targetHints":{"allow":["GET"]}}],"collection":[{"href":"https:\/\/nydalen.idrett.no\/orientering\/wp-json\/wp\/v2\/posts"}],"about":[{"href":"https:\/\/nydalen.idrett.no\/orientering\/wp-json\/wp\/v2\/types\/post"}],"author":[{"embeddable":true,"href":"https:\/\/nydalen.idrett.no\/orientering\/wp-json\/wp\/v2\/users\/65"}],"replies":[{"embeddable":true,"href":"https:\/\/nydalen.idrett.no\/orientering\/wp-json\/wp\/v2\/comments?post=17820"}],"version-history":[{"count":5,"href":"https:\/\/nydalen.idrett.no\/orientering\/wp-json\/wp\/v2\/posts\/17820\/revisions"}],"predecessor-version":[{"id":17826,"href":"https:\/\/nydalen.idrett.no\/orientering\/wp-json\/wp\/v2\/posts\/17820\/revisions\/17826"}],"wp:attachment":[{"href":"https:\/\/nydalen.idrett.no\/orientering\/wp-json\/wp\/v2\/media?parent=17820"}],"wp:term":[{"taxonomy":"category","embeddable":true,"href":"https:\/\/nydalen.idrett.no\/orientering\/wp-json\/wp\/v2\/categories?post=17820"},{"taxonomy":"post_tag","embeddable":true,"href":"https:\/\/nydalen.idrett.no\/orientering\/wp-json\/wp\/v2\/tags?post=17820"}],"curies":[{"name":"wp","href":"https:\/\/api.w.org\/{rel}","templated":true}]}}