{"id":17739,"date":"2021-05-03T11:05:52","date_gmt":"2021-05-03T09:05:52","guid":{"rendered":"https:\/\/nydalen.idrett.no\/orientering\/?p=17739"},"modified":"2021-05-03T11:39:41","modified_gmt":"2021-05-03T09:39:41","slug":"takk-for-innsatsen-anders","status":"publish","type":"post","link":"https:\/\/nydalen.idrett.no\/orientering\/2021\/05\/03\/takk-for-innsatsen-anders\/","title":{"rendered":"Takk for innsatsen, Anders!"},"content":{"rendered":"\n<figure class=\"wp-block-image size-large\"><img loading=\"lazy\" decoding=\"async\" width=\"962\" height=\"934\" src=\"https:\/\/nydalen.idrett.no\/orientering\/wp-content\/uploads\/2021\/05\/IMG_0035-962x934.jpg\" alt=\"\" class=\"wp-image-17740\" srcset=\"https:\/\/nydalen.idrett.no\/orientering\/wp-content\/uploads\/2021\/05\/IMG_0035-962x934.jpg 962w, https:\/\/nydalen.idrett.no\/orientering\/wp-content\/uploads\/2021\/05\/IMG_0035-500x486.jpg 500w, https:\/\/nydalen.idrett.no\/orientering\/wp-content\/uploads\/2021\/05\/IMG_0035-768x746.jpg 768w, https:\/\/nydalen.idrett.no\/orientering\/wp-content\/uploads\/2021\/05\/IMG_0035-1536x1492.jpg 1536w, https:\/\/nydalen.idrett.no\/orientering\/wp-content\/uploads\/2021\/05\/IMG_0035.jpg 1640w\" sizes=\"auto, (max-width: 962px) 100vw, 962px\" \/><\/figure>\n\n\n\n<p>V\u00e5r hovedtrener for junior og senior gjennom 7,5 \u00e5r, Anders, blir n\u00e5 ny landslagstrener og slutter dermed i jobben som klubbtrener til sommeren. Det er selvsagt synd for oss, men et h\u00f8yt forst\u00e5elig valg for Anders, og vi skal v\u00e6re sv\u00e6rt stolte over at vi som klubb har oppn\u00e5dd s\u00e5 mange gode resultater at han er plukket ut til denne attraktive og krevende jobben. NOF er dessuten heldige &#8211; det er ikke hver dag et landslag f\u00e5r en trener som ogs\u00e5 holder f\u00f8lge med ut\u00f8verne i skogen! <\/p>\n\n\n\n<!--more-->\n\n\n\n<p>Sportslig utvalg jaktet p\u00e5 Anders i flere \u00e5r uten napp, men n\u00e5r han og familien f\u00f8rst tok spranget over i den store n\u00e6rklubben, s\u00e5 kom han fullt og helt og har virkelig bidratt fra dag en, b\u00e5de for den ypperste verdenseliten og for alle andre med bedre tid i skogen. 7,5 \u00e5r ble det i denne omgang, men jommen har han brukt tiden godt &#8211; det er f\u00e5 klubbtrenere, om noen, som i tillegg til diverse internasjonale triumfer kan notere 144 NM-medaljer p\u00e5 sin CV (og hvor han selv har hentet flere av dem). Og da har vi ikke engang inkludert medaljer i ski-o og pre-o.<\/p>\n\n\n\n<p>Anders  er opptatt av kvalitet i alle ledd p\u00e5 b\u00e5de trening og konkurranser, og han l\u00f8ftet virkelig niv\u00e5et p\u00e5 mange omr\u00e5der i Nydalens skiklub da han kom til oss. Det er ingen hemmelighet at jobben til sportslig utvalg ble b\u00e5de enklere og mer motiverende etter at vi fikk Anders som hovedtrener.<\/p>\n\n\n\n<p>Klubben er Anders stor takk skyldig for den gode jobben han har gjort, og det fine er jo at han blir med oss fremover ogs\u00e5, b\u00e5de som ressursperson, l\u00f8per og kanskje som trenervikar innimellom ogs\u00e5. Takk for innsatsen og lykke til som landslagstrener!<\/p>\n\n\n\n<p>Styret er allerede i gang med prosessen for \u00e5 finne Anders sin etterf\u00f8lger. Aktuelle kandidater bes kontakte sportslig leder Sverre Turter Sandvold p\u00e5 mail eller mobil 958 63 137.<\/p>\n","protected":false},"excerpt":{"rendered":"<p>V\u00e5r hovedtrener for junior og senior gjennom 7,5 \u00e5r, Anders, blir n\u00e5 ny landslagstrener og slutter dermed i jobben som klubbtrener til sommeren. Det er selvsagt synd for oss, men et h\u00f8yt forst\u00e5elig valg for Anders, og vi skal v\u00e6re &hellip; <a class=\"more-link\" href=\"https:\/\/nydalen.idrett.no\/orientering\/2021\/05\/03\/takk-for-innsatsen-anders\/\">Les videre <span class=\"meta-nav\">&rarr;<\/span><\/a><\/p>\n","protected":false},"author":12,"featured_media":0,"comment_status":"open","ping_status":"closed","sticky":false,"template":"","format":"standard","meta":{"footnotes":""},"categories":[1],"tags":[],"class_list":["post-17739","post","type-post","status-publish","format-standard","hentry","category-usortert"],"_links":{"self":[{"href":"https:\/\/nydalen.idrett.no\/orientering\/wp-json\/wp\/v2\/posts\/17739","targetHints":{"allow":["GET"]}}],"collection":[{"href":"https:\/\/nydalen.idrett.no\/orientering\/wp-json\/wp\/v2\/posts"}],"about":[{"href":"https:\/\/nydalen.idrett.no\/orientering\/wp-json\/wp\/v2\/types\/post"}],"author":[{"embeddable":true,"href":"https:\/\/nydalen.idrett.no\/orientering\/wp-json\/wp\/v2\/users\/12"}],"replies":[{"embeddable":true,"href":"https:\/\/nydalen.idrett.no\/orientering\/wp-json\/wp\/v2\/comments?post=17739"}],"version-history":[{"count":4,"href":"https:\/\/nydalen.idrett.no\/orientering\/wp-json\/wp\/v2\/posts\/17739\/revisions"}],"predecessor-version":[{"id":17744,"href":"https:\/\/nydalen.idrett.no\/orientering\/wp-json\/wp\/v2\/posts\/17739\/revisions\/17744"}],"wp:attachment":[{"href":"https:\/\/nydalen.idrett.no\/orientering\/wp-json\/wp\/v2\/media?parent=17739"}],"wp:term":[{"taxonomy":"category","embeddable":true,"href":"https:\/\/nydalen.idrett.no\/orientering\/wp-json\/wp\/v2\/categories?post=17739"},{"taxonomy":"post_tag","embeddable":true,"href":"https:\/\/nydalen.idrett.no\/orientering\/wp-json\/wp\/v2\/tags?post=17739"}],"curies":[{"name":"wp","href":"https:\/\/api.w.org\/{rel}","templated":true}]}}