{"id":17736,"date":"2021-04-29T22:09:09","date_gmt":"2021-04-29T20:09:09","guid":{"rendered":"https:\/\/nydalen.idrett.no\/orientering\/?p=17736"},"modified":"2021-04-29T22:09:11","modified_gmt":"2021-04-29T20:09:11","slug":"dugnadsportal-2021","status":"publish","type":"post","link":"https:\/\/nydalen.idrett.no\/orientering\/2021\/04\/29\/dugnadsportal-2021\/","title":{"rendered":"Dugnadsportal 2021"},"content":{"rendered":"\n<p>I \u00e5r blir det dessverre ikke anledning til \u00e5 bidra p\u00e5 Oslo City cup eller Grefsenkollen opp som er avlyst pga. Covid. Vi satser p\u00e5 at vi f\u00e5r avviklet resten av v\u00e5re arrangement. Vi trenger funksjon\u00e6rer til disse og styret ber om at man setter seg opp i <a rel=\"noreferrer noopener\" href=\"https:\/\/eventor.orientering.no\/Activities\/Show\/3960\" target=\"_blank\">Dugnadsportalen\u00a02021\u00a0i Eventor<\/a>, samt skriver hvilke omr\u00e5der man \u00f8nsker \u00e5 bidra innenfor.<\/p>\n\n\n\n<!--more-->\n\n\n\n<p><strong>S\u00f8ndag 13. juni. KM mellomdistanse fra Sognsvann&nbsp;vest<\/strong><\/p>\n\n\n\n<p>L\u00f8psleder: Alix Young Vik<\/p>\n\n\n\n<p>L\u00f8ypelegger: Kornelius Kriszat L\u00f8vfald<\/p>\n\n\n\n<p><strong>Helga 14.-15. august. NM PreO. P\u00e5 Korsvoll og Kjels\u00e5s<\/strong>\u00a0<\/p>\n\n\n\n<p>L\u00f8psleder: Marianne D\u00e6hlie<\/p>\n\n\n\n<p>L\u00f8ypelegger: Sondre Ruud&nbsp;Br\u00e5ten<\/p>\n\n\n\n<p><strong>Torsdag 2. september. Nydalsl\u00f8pet<\/strong><\/p>\n\n\n\n<p>L\u00f8psledere: Eirik Kamstrup Hovind og Jon Aukrust Osmoen.<\/p>\n\n\n\n<p><strong>Harry Lagert til h\u00f8sten<\/strong><\/p>\n\n\n\n<p>Sjef: S\u00f8ren Jonsson<\/p>\n","protected":false},"excerpt":{"rendered":"<p>I \u00e5r blir det dessverre ikke anledning til \u00e5 bidra p\u00e5 Oslo City cup eller Grefsenkollen opp som er avlyst pga. Covid. Vi satser p\u00e5 at vi f\u00e5r avviklet resten av v\u00e5re arrangement. Vi trenger funksjon\u00e6rer til disse og styret &hellip; <a class=\"more-link\" href=\"https:\/\/nydalen.idrett.no\/orientering\/2021\/04\/29\/dugnadsportal-2021\/\">Les videre <span class=\"meta-nav\">&rarr;<\/span><\/a><\/p>\n","protected":false},"author":58,"featured_media":0,"comment_status":"open","ping_status":"closed","sticky":false,"template":"","format":"standard","meta":{"footnotes":""},"categories":[1],"tags":[],"class_list":["post-17736","post","type-post","status-publish","format-standard","hentry","category-usortert"],"_links":{"self":[{"href":"https:\/\/nydalen.idrett.no\/orientering\/wp-json\/wp\/v2\/posts\/17736","targetHints":{"allow":["GET"]}}],"collection":[{"href":"https:\/\/nydalen.idrett.no\/orientering\/wp-json\/wp\/v2\/posts"}],"about":[{"href":"https:\/\/nydalen.idrett.no\/orientering\/wp-json\/wp\/v2\/types\/post"}],"author":[{"embeddable":true,"href":"https:\/\/nydalen.idrett.no\/orientering\/wp-json\/wp\/v2\/users\/58"}],"replies":[{"embeddable":true,"href":"https:\/\/nydalen.idrett.no\/orientering\/wp-json\/wp\/v2\/comments?post=17736"}],"version-history":[{"count":1,"href":"https:\/\/nydalen.idrett.no\/orientering\/wp-json\/wp\/v2\/posts\/17736\/revisions"}],"predecessor-version":[{"id":17737,"href":"https:\/\/nydalen.idrett.no\/orientering\/wp-json\/wp\/v2\/posts\/17736\/revisions\/17737"}],"wp:attachment":[{"href":"https:\/\/nydalen.idrett.no\/orientering\/wp-json\/wp\/v2\/media?parent=17736"}],"wp:term":[{"taxonomy":"category","embeddable":true,"href":"https:\/\/nydalen.idrett.no\/orientering\/wp-json\/wp\/v2\/categories?post=17736"},{"taxonomy":"post_tag","embeddable":true,"href":"https:\/\/nydalen.idrett.no\/orientering\/wp-json\/wp\/v2\/tags?post=17736"}],"curies":[{"name":"wp","href":"https:\/\/api.w.org\/{rel}","templated":true}]}}