{"id":17444,"date":"2020-09-02T12:24:59","date_gmt":"2020-09-02T10:24:59","guid":{"rendered":"https:\/\/nydalen.idrett.no\/orientering\/?p=17444"},"modified":"2020-09-02T12:32:38","modified_gmt":"2020-09-02T10:32:38","slug":"o-dag-for-2011-og-2012-barna","status":"publish","type":"post","link":"https:\/\/nydalen.idrett.no\/orientering\/2020\/09\/02\/o-dag-for-2011-og-2012-barna\/","title":{"rendered":"O-dag for 2011 og 2012 barna!"},"content":{"rendered":"\n<p>6. september blir det dagsamling for de to yngste \u00e5rskullene i L\u00f8p og Lek (2011 og 2012)<\/p>\n\n\n\n<p>Dette kommer til \u00e5 bli en kjempehyggelig og morsom dag for barna, s\u00e5 meld dere p\u00e5 med en gang \ud83d\ude42<\/p>\n\n\n\n<p>Her er invitasjon med mer detaljer:<\/p>\n\n\n\n<div class=\"wp-block-file\"><a href=\"https:\/\/nydalen.idrett.no\/orientering\/wp-content\/uploads\/2020\/09\/Lop_og_Lek_dagssamling_sondag_20200906.pdf\">Lop_og_Lek_dagssamling_sondag_20200906<\/a><a href=\"https:\/\/nydalen.idrett.no\/orientering\/wp-content\/uploads\/2020\/09\/Lop_og_Lek_dagssamling_sondag_20200906.pdf\" class=\"wp-block-file__button\" download>Last ned<\/a><\/div>\n\n\n\n<p><\/p>\n\n\n\n<p><\/p>\n","protected":false},"excerpt":{"rendered":"<p>6. september blir det dagsamling for de to yngste \u00e5rskullene i L\u00f8p og Lek (2011 og 2012) Dette kommer til \u00e5 bli en kjempehyggelig og morsom dag for barna, s\u00e5 meld dere p\u00e5 med en gang \ud83d\ude42 Her er invitasjon &hellip; <a class=\"more-link\" href=\"https:\/\/nydalen.idrett.no\/orientering\/2020\/09\/02\/o-dag-for-2011-og-2012-barna\/\">Les videre <span class=\"meta-nav\">&rarr;<\/span><\/a><\/p>\n","protected":false},"author":55,"featured_media":0,"comment_status":"open","ping_status":"closed","sticky":false,"template":"","format":"standard","meta":{"footnotes":""},"categories":[1],"tags":[],"class_list":["post-17444","post","type-post","status-publish","format-standard","hentry","category-usortert"],"_links":{"self":[{"href":"https:\/\/nydalen.idrett.no\/orientering\/wp-json\/wp\/v2\/posts\/17444","targetHints":{"allow":["GET"]}}],"collection":[{"href":"https:\/\/nydalen.idrett.no\/orientering\/wp-json\/wp\/v2\/posts"}],"about":[{"href":"https:\/\/nydalen.idrett.no\/orientering\/wp-json\/wp\/v2\/types\/post"}],"author":[{"embeddable":true,"href":"https:\/\/nydalen.idrett.no\/orientering\/wp-json\/wp\/v2\/users\/55"}],"replies":[{"embeddable":true,"href":"https:\/\/nydalen.idrett.no\/orientering\/wp-json\/wp\/v2\/comments?post=17444"}],"version-history":[{"count":3,"href":"https:\/\/nydalen.idrett.no\/orientering\/wp-json\/wp\/v2\/posts\/17444\/revisions"}],"predecessor-version":[{"id":17449,"href":"https:\/\/nydalen.idrett.no\/orientering\/wp-json\/wp\/v2\/posts\/17444\/revisions\/17449"}],"wp:attachment":[{"href":"https:\/\/nydalen.idrett.no\/orientering\/wp-json\/wp\/v2\/media?parent=17444"}],"wp:term":[{"taxonomy":"category","embeddable":true,"href":"https:\/\/nydalen.idrett.no\/orientering\/wp-json\/wp\/v2\/categories?post=17444"},{"taxonomy":"post_tag","embeddable":true,"href":"https:\/\/nydalen.idrett.no\/orientering\/wp-json\/wp\/v2\/tags?post=17444"}],"curies":[{"name":"wp","href":"https:\/\/api.w.org\/{rel}","templated":true}]}}