{"id":17384,"date":"2020-06-23T20:14:29","date_gmt":"2020-06-23T18:14:29","guid":{"rendered":"https:\/\/nydalen.idrett.no\/orientering\/?p=17384"},"modified":"2020-06-24T11:20:29","modified_gmt":"2020-06-24T09:20:29","slug":"nydalens-arrangementer-og-dugnadsportal-2020","status":"publish","type":"post","link":"https:\/\/nydalen.idrett.no\/orientering\/2020\/06\/23\/nydalens-arrangementer-og-dugnadsportal-2020\/","title":{"rendered":"Nydalens arrangementer og dugnadsportal 2020"},"content":{"rendered":"\n<p>Det har v\u00e6rt en spesiell v\u00e5r. Vi har avlyst Citycup og GrefsenkollenOPP. Men vi har arrangert et bonusl\u00f8p for ungdommer og senior (Barlindkohorten) og vi har hatt f\u00f8rste runde i klubbcupen i regi av Synn\u00f8ve og Per. Om et par uker skal vi st\u00e5 for bankett og premier i et 5-dagers arrangement for ungdommene, \u00abBysommer\u00bb. Hit kommer folk fra hele landet og arrangementet er et samarbeid mellom klubbene i Oslo. Maiken st\u00e5r i spissen for dette fra oss.<\/p>\n\n\n\n<p>I h\u00f8st har Nydalens tre arrangementer. Vi trenger funksjon\u00e6rer til disse og styret ber om at man setter seg opp i <a href=\"https:\/\/eventor.orientering.no\/Activities\/Show\/3605\" target=\"_blank\" rel=\"noreferrer noopener\" aria-label=\"dugnadsportalen 2020  (\u00e5pner i en ny fane)\">dugnadsportalen 2020 <\/a>i Eventor, samt skriver hvilke omr\u00e5der man \u00f8nsker \u00e5 bidra innenfor.<\/p>\n\n\n\n<!--more-->\n\n\n\n<p><strong>Fredag 7. august. Sprintl\u00f8p for eliten (med publikumsl\u00f8p?)<\/strong><\/p>\n\n\n\n<p>Sprintl\u00f8p inkludert rerun i Iladalen. F\u00f8rste start er klokken 16:00. Arrangementet er forholdsvis enkelt, men vi trenger mange postvakter.<\/p>\n\n\n\n<p>L\u00f8psleder: Helge Stubberud<\/p>\n\n\n\n<p><strong>L\u00f8rdag 29. august. Nydalten  <\/strong><\/p>\n\n\n\n<p>Nydalten med innlagt KM langdistanse fra Skar. Arrangementet g\u00e5r som planlagt, innenfor det regler som n\u00e5 gjelder med maks 200 deltagere samtidig. Arrangementet kan ta litt tid\u2026 Det blir et forenklet arrangement i \u00e5r med et mindre mannskapsbehov enn tidligere da salg, speaker, resultatservice og slikt droppes.  Samtidig er det like mange l\u00f8yper som vanlig og ikke minst trenger vi mannskap til \u00e5 sette ut poster og pr\u00f8vel\u00f8pere.<\/p>\n\n\n\n<p>L\u00f8psleder: Bj\u00f8rn Hauge<\/p>\n\n\n\n<p>L\u00f8ypelegger: Siri Ulvestad<\/p>\n\n\n\n<p><strong>Tirsdag 6. oktober. Nydalsl\u00f8pet<\/strong><\/p>\n\n\n\n<p>Det er besluttet \u00e5 flytte Nydalsl\u00f8pet fra 27. august til 6. oktober. Dette blir trolig ogs\u00e5 et light arrangement i \u00e5r. Men mannskap trengs, ikke minst l\u00f8ypevakter.<\/p>\n\n\n\n<p>L\u00f8psledere: Eirik Kamstrup Hovind og Jon Aukrust Osmoen. <\/p>\n","protected":false},"excerpt":{"rendered":"<p>Det har v\u00e6rt en spesiell v\u00e5r. Vi har avlyst Citycup og GrefsenkollenOPP. Men vi har arrangert et bonusl\u00f8p for ungdommer og senior (Barlindkohorten) og vi har hatt f\u00f8rste runde i klubbcupen i regi av Synn\u00f8ve og Per. Om et par &hellip; <a class=\"more-link\" href=\"https:\/\/nydalen.idrett.no\/orientering\/2020\/06\/23\/nydalens-arrangementer-og-dugnadsportal-2020\/\">Les videre <span class=\"meta-nav\">&rarr;<\/span><\/a><\/p>\n","protected":false},"author":58,"featured_media":0,"comment_status":"open","ping_status":"closed","sticky":false,"template":"","format":"standard","meta":{"footnotes":""},"categories":[1],"tags":[],"class_list":["post-17384","post","type-post","status-publish","format-standard","hentry","category-usortert"],"_links":{"self":[{"href":"https:\/\/nydalen.idrett.no\/orientering\/wp-json\/wp\/v2\/posts\/17384","targetHints":{"allow":["GET"]}}],"collection":[{"href":"https:\/\/nydalen.idrett.no\/orientering\/wp-json\/wp\/v2\/posts"}],"about":[{"href":"https:\/\/nydalen.idrett.no\/orientering\/wp-json\/wp\/v2\/types\/post"}],"author":[{"embeddable":true,"href":"https:\/\/nydalen.idrett.no\/orientering\/wp-json\/wp\/v2\/users\/58"}],"replies":[{"embeddable":true,"href":"https:\/\/nydalen.idrett.no\/orientering\/wp-json\/wp\/v2\/comments?post=17384"}],"version-history":[{"count":2,"href":"https:\/\/nydalen.idrett.no\/orientering\/wp-json\/wp\/v2\/posts\/17384\/revisions"}],"predecessor-version":[{"id":17386,"href":"https:\/\/nydalen.idrett.no\/orientering\/wp-json\/wp\/v2\/posts\/17384\/revisions\/17386"}],"wp:attachment":[{"href":"https:\/\/nydalen.idrett.no\/orientering\/wp-json\/wp\/v2\/media?parent=17384"}],"wp:term":[{"taxonomy":"category","embeddable":true,"href":"https:\/\/nydalen.idrett.no\/orientering\/wp-json\/wp\/v2\/categories?post=17384"},{"taxonomy":"post_tag","embeddable":true,"href":"https:\/\/nydalen.idrett.no\/orientering\/wp-json\/wp\/v2\/tags?post=17384"}],"curies":[{"name":"wp","href":"https:\/\/api.w.org\/{rel}","templated":true}]}}