{"id":17288,"date":"2020-04-13T15:53:29","date_gmt":"2020-04-13T13:53:29","guid":{"rendered":"https:\/\/nydalen.idrett.no\/orientering\/?p=17288"},"modified":"2020-04-13T15:53:31","modified_gmt":"2020-04-13T13:53:31","slug":"grefsenkollen-opp-2020-er-avlyst","status":"publish","type":"post","link":"https:\/\/nydalen.idrett.no\/orientering\/2020\/04\/13\/grefsenkollen-opp-2020-er-avlyst\/","title":{"rendered":"Grefsenkollen Opp 2020 er avlyst"},"content":{"rendered":"\n<p>Ref Corona-situasjonen pr 13.4<br>\u00c5rets bakkel\u00f8p er dessverre avlyst; nytt fors\u00f8k i 2021.<br>Mer info p\u00e5  <a href=\"https:\/\/www.grefsenkollenopp.no\/\">grefsenkollenopp.no<\/a> <\/p>\n","protected":false},"excerpt":{"rendered":"<p>Ref Corona-situasjonen pr 13.4\u00c5rets bakkel\u00f8p er dessverre avlyst; nytt fors\u00f8k i 2021.Mer info p\u00e5 grefsenkollenopp.no<\/p>\n","protected":false},"author":4,"featured_media":0,"comment_status":"open","ping_status":"closed","sticky":false,"template":"","format":"standard","meta":{"footnotes":""},"categories":[7,6,10],"tags":[],"class_list":["post-17288","post","type-post","status-publish","format-standard","hentry","category-administrativt","category-sosialt","category-sportslig"],"_links":{"self":[{"href":"https:\/\/nydalen.idrett.no\/orientering\/wp-json\/wp\/v2\/posts\/17288","targetHints":{"allow":["GET"]}}],"collection":[{"href":"https:\/\/nydalen.idrett.no\/orientering\/wp-json\/wp\/v2\/posts"}],"about":[{"href":"https:\/\/nydalen.idrett.no\/orientering\/wp-json\/wp\/v2\/types\/post"}],"author":[{"embeddable":true,"href":"https:\/\/nydalen.idrett.no\/orientering\/wp-json\/wp\/v2\/users\/4"}],"replies":[{"embeddable":true,"href":"https:\/\/nydalen.idrett.no\/orientering\/wp-json\/wp\/v2\/comments?post=17288"}],"version-history":[{"count":1,"href":"https:\/\/nydalen.idrett.no\/orientering\/wp-json\/wp\/v2\/posts\/17288\/revisions"}],"predecessor-version":[{"id":17289,"href":"https:\/\/nydalen.idrett.no\/orientering\/wp-json\/wp\/v2\/posts\/17288\/revisions\/17289"}],"wp:attachment":[{"href":"https:\/\/nydalen.idrett.no\/orientering\/wp-json\/wp\/v2\/media?parent=17288"}],"wp:term":[{"taxonomy":"category","embeddable":true,"href":"https:\/\/nydalen.idrett.no\/orientering\/wp-json\/wp\/v2\/categories?post=17288"},{"taxonomy":"post_tag","embeddable":true,"href":"https:\/\/nydalen.idrett.no\/orientering\/wp-json\/wp\/v2\/tags?post=17288"}],"curies":[{"name":"wp","href":"https:\/\/api.w.org\/{rel}","templated":true}]}}