{"id":17076,"date":"2019-10-29T18:12:57","date_gmt":"2019-10-29T17:12:57","guid":{"rendered":"https:\/\/nydalen.idrett.no\/orientering\/?p=17076"},"modified":"2019-10-29T18:12:58","modified_gmt":"2019-10-29T17:12:58","slug":"o-idol-2019","status":"publish","type":"post","link":"https:\/\/nydalen.idrett.no\/orientering\/2019\/10\/29\/o-idol-2019\/","title":{"rendered":"O-idol 2019"},"content":{"rendered":"\n<p>O-idol 2019 ble i \u00e5r arrangert i Verdal, samtidig med NM i knock-out sprint,  jr-NM stafett og NC i sprint. Vi har f\u00e5tt selveste Gaute Bergen til \u00e5 fortelle om sine opplevelser p\u00e5 O-idol. <\/p>\n\n\n\n<p><\/p>\n\n\n\n<!--more-->\n\n\n\n<p>O-idol oppsummert <br> <br>S\u00e5 vidt jeg har forst\u00e5tt er O-idol et stort nasjonalt arrangement, men hensikt \u00e5 vise den avtredende ungdom en ideell versjon av tilv\u00e6relsen som junior, for \u00e5 f\u00e5 med flest mulig videre i orienteringssporten. En ideell versjon av en allerede ganske god tilv\u00e6relse. Det trengs ikke nevnes at O-idol er noe som er verdt \u00e5 f\u00e5 med seg. <br> <br> Jeg heter Gaute Bergan og deltok i O-idol i 2019. <br> <br> Det sportslige skal alltid komme f\u00f8rst p\u00e5 store orienteringsl\u00f8p som o-idol, men man presterer ikke bra med mindre man har det bra, s\u00e5 det var hovedm\u00e5let. Et m\u00e5l jeg vil p\u00e5st\u00e5 vi gjennomf\u00f8rte med glans. Vi bodde sammen med juniorene som deltok i junior-NM, som ble arrangert parallelt med O-idol. Det var felles m\u00e5ltider og felles m\u00f8ter, der alle deltok, alltid med god stemning. Det er selvf\u00f8lgelig alltid noen store, barske, skumle gutter som virker veldig seri\u00f8se, men de er alle bra folk (tror jeg, turte ikke \u00e5 snakke med alle). Jeg hadde for eksempel en interessant samtale med den ikke s\u00e5 ukjente junioren Kasper Fosser. <br> <br>Den mest interessante sosiale arenaen var selvsagt arenaen. L\u00f8rdagen tilbragte jeg 10 timer der, og jeg l\u00f8p bare 25 minutter av dem, klart det ble godt tid til sosialisering. Ungdom fra hele landet, med kj\u00e6rlighet for orientering som eneste felles faktor, var representert. <br> <br>Det var HL-liknende tilstander. <br> <br>Selvf\u00f8lgelig l\u00f8p vi ogs\u00e5 orienteringsl\u00f8p, med h\u00f8y l\u00f8ypekvalitet og spennende spurtoppgj\u00f8r, men personlig gikk det ikke s\u00e5nn altfor bra der, det sosiale var mye viktigere. <br> <br>Det beste med \u00e5 dra til o-idol m\u00e5 likevel v\u00e6re det \u00e5 f\u00e5 fri fra skolen, kun for \u00e5 kose seg. F\u00f8lelsen av \u00e5 sitte p\u00e5 et fly, i et godt sete ved vinduet, slik at man kan se utover hele landet v\u00e5rt mens man flyr over det. Gode folk rundt seg, ingen forpliktelser, og tenke p\u00e5 de stakkars klassekameratene dine som har undervisning i samme sekund, den f\u00f8lelsen er helt ubeskrivelig.\u00a0 <br> <br>O-idol er en smak av livet som junior, med fokus p\u00e5 prestasjon, dersom du er opptatt av det. Enda viktigere er det fokus p\u00e5 det sosiale, noe alle er opptatt av.<\/p>\n\n\n\n<p>Red.anm: Nydalens SK tok for \u00f8vrig en rekke medaljer og gode plasseringer under helgen. Her representert ved vinnerlaget til gutta og Silje som hadde som en bra helg (Foto NOF)<\/p>\n\n\n\n<figure class=\"wp-block-image\"><img loading=\"lazy\" decoding=\"async\" width=\"600\" height=\"387\" src=\"https:\/\/nydalen.idrett.no\/orientering\/wp-content\/uploads\/2019\/10\/NM-jr-gull.jpg\" alt=\"\" class=\"wp-image-17077\" srcset=\"https:\/\/nydalen.idrett.no\/orientering\/wp-content\/uploads\/2019\/10\/NM-jr-gull.jpg 600w, https:\/\/nydalen.idrett.no\/orientering\/wp-content\/uploads\/2019\/10\/NM-jr-gull-500x323.jpg 500w\" sizes=\"auto, (max-width: 600px) 100vw, 600px\" \/><figcaption>Glade gullvinnere<\/figcaption><\/figure>\n\n\n\n<figure class=\"wp-block-image\"><img loading=\"lazy\" decoding=\"async\" width=\"600\" height=\"429\" src=\"https:\/\/nydalen.idrett.no\/orientering\/wp-content\/uploads\/2019\/10\/Silje.jpg\" alt=\"\" class=\"wp-image-17078\" srcset=\"https:\/\/nydalen.idrett.no\/orientering\/wp-content\/uploads\/2019\/10\/Silje.jpg 600w, https:\/\/nydalen.idrett.no\/orientering\/wp-content\/uploads\/2019\/10\/Silje-500x358.jpg 500w\" sizes=\"auto, (max-width: 600px) 100vw, 600px\" \/><figcaption>Norgescup-vinner og bronsemedalj\u00f8r p\u00e5 NM<\/figcaption><\/figure>\n","protected":false},"excerpt":{"rendered":"<p>O-idol 2019 ble i \u00e5r arrangert i Verdal, samtidig med NM i knock-out sprint, jr-NM stafett og NC i sprint. Vi har f\u00e5tt selveste Gaute Bergen til \u00e5 fortelle om sine opplevelser p\u00e5 O-idol.<\/p>\n","protected":false},"author":12,"featured_media":0,"comment_status":"open","ping_status":"closed","sticky":false,"template":"","format":"standard","meta":{"footnotes":""},"categories":[1],"tags":[],"class_list":["post-17076","post","type-post","status-publish","format-standard","hentry","category-usortert"],"_links":{"self":[{"href":"https:\/\/nydalen.idrett.no\/orientering\/wp-json\/wp\/v2\/posts\/17076","targetHints":{"allow":["GET"]}}],"collection":[{"href":"https:\/\/nydalen.idrett.no\/orientering\/wp-json\/wp\/v2\/posts"}],"about":[{"href":"https:\/\/nydalen.idrett.no\/orientering\/wp-json\/wp\/v2\/types\/post"}],"author":[{"embeddable":true,"href":"https:\/\/nydalen.idrett.no\/orientering\/wp-json\/wp\/v2\/users\/12"}],"replies":[{"embeddable":true,"href":"https:\/\/nydalen.idrett.no\/orientering\/wp-json\/wp\/v2\/comments?post=17076"}],"version-history":[{"count":2,"href":"https:\/\/nydalen.idrett.no\/orientering\/wp-json\/wp\/v2\/posts\/17076\/revisions"}],"predecessor-version":[{"id":17080,"href":"https:\/\/nydalen.idrett.no\/orientering\/wp-json\/wp\/v2\/posts\/17076\/revisions\/17080"}],"wp:attachment":[{"href":"https:\/\/nydalen.idrett.no\/orientering\/wp-json\/wp\/v2\/media?parent=17076"}],"wp:term":[{"taxonomy":"category","embeddable":true,"href":"https:\/\/nydalen.idrett.no\/orientering\/wp-json\/wp\/v2\/categories?post=17076"},{"taxonomy":"post_tag","embeddable":true,"href":"https:\/\/nydalen.idrett.no\/orientering\/wp-json\/wp\/v2\/tags?post=17076"}],"curies":[{"name":"wp","href":"https:\/\/api.w.org\/{rel}","templated":true}]}}