{"id":16093,"date":"2018-10-19T20:40:11","date_gmt":"2018-10-19T18:40:11","guid":{"rendered":"https:\/\/nydalen.idrett.no\/orientering\/?p=16093"},"modified":"2018-10-19T20:40:11","modified_gmt":"2018-10-19T18:40:11","slug":"25-manna-2018","status":"publish","type":"post","link":"https:\/\/nydalen.idrett.no\/orientering\/2018\/10\/19\/25-manna-2018\/","title":{"rendered":"25-manna 2018"},"content":{"rendered":"<p>For to uker siden var det igjen klart for \u00e5rets store klubbtur til 25-manna nord for Stockholm. I \u00e5r stilte vi med to lag, og da vi fikk noen forfall dagene f\u00f8r var vi s\u00e5 heldige at 2.laget fikk hjelp av tre l\u00f8pere fra Oppsal slik at laget ble fullt og det ble dermed gjort om til et kombinasjonslag.<\/p>\n<p><img loading=\"lazy\" decoding=\"async\" class=\"alignnone wp-image-16103 size-medium\" src=\"https:\/\/nydalen.idrett.no\/orientering\/wp-content\/uploads\/2018\/10\/IMG_20181007_121756-1-500x285.jpg\" alt=\"\" width=\"500\" height=\"285\" srcset=\"https:\/\/nydalen.idrett.no\/orientering\/wp-content\/uploads\/2018\/10\/IMG_20181007_121756-1-500x285.jpg 500w, https:\/\/nydalen.idrett.no\/orientering\/wp-content\/uploads\/2018\/10\/IMG_20181007_121756-1-768x437.jpg 768w, https:\/\/nydalen.idrett.no\/orientering\/wp-content\/uploads\/2018\/10\/IMG_20181007_121756-1-962x548.jpg 962w\" sizes=\"auto, (max-width: 500px) 100vw, 500px\" \/><\/p>\n<p><!--more-->Fredagen gikk til busstur med innlagte quizer samt bidrag til klubbens strategiarbeid under Synn\u00f8ves kyndige ledelse. Vi stoppet selvsagt p\u00e5 Bergvik for litt mat og muligens litt godis. Da vi kom frem til hotellet var det rett i sengs for \u00e5 lade opp til den store stafetten dagen etter. Vi var revansjesugne etter dobbel disk i fjor, skulle vi klare topp 10 i \u00e5r?<\/p>\n<p>P\u00e5 l\u00f8rdagen l\u00f8p lagene slik de skulle. F\u00f8rstelaget fikk en fin 20. plass og mange l\u00f8p veldig gode etapper. Skal man trekke fram noen blir det de med 1-siffret plassering; trener-Anders som suste gjennom feltet p\u00e5 sin 2.etp (hadde 2.best etp tid), Eirik KH (9.e etp tid) og Pia (3.e etp tid p\u00e5 dame etappen). Andrelaget fikk en superduper 143.plass etter gode gjennomf\u00f8ringer av alle p\u00e5 laget, men skal man trekke fram noen blir det Audun som m\u00e5tte gjennomf\u00f8re to etapper p\u00e5 laget. 7,9 km pluss 6,6 km med bare en dr\u00f8y time imellom er sprekt!<\/p>\n<p>Etter en lang dag p\u00e5 samlingsplass ble det middag p\u00e5 hotellet, bowling for de som ville det og en tur til byen for de som ville det!<\/p>\n<p>P\u00e5 s\u00f8ndagen var det 25-mannamedeln, et lite o-l\u00f8p med 3300 l\u00f8pere, noe vi dog ikke merket s\u00e5 mye av da vi hadde bestilt tidig start. Det ble fine plasseringer for b\u00e5de ungdommer, gamliser og de midt imellom; Katja var best med sin 2.plass, Asgeir 4.e, Eira 5.e, Pia og Helena 6.e, Christian 7.e, Kornelius og Anders (begge 8.e) og Eirik 9.e. Synn\u00f8ve sin 11.pl var ogs\u00e5 sterk, og hun var ikke i tvil hvorfor det gikk s\u00e5 bra \u2013 det var fordi hun hadde lyttet p\u00e5 Anders hele helgen.<\/p>\n<p>Mange satset ogs\u00e5 hardt i spurtkonkurransen, i \u00e5r med ny frisk klasseinndeling: Damer og Herrer over 42, Damer, Herrer og De-som-er-kortere-enn-Kasper. Dessverre ble ikke resultatene skrevet ned men om vi husker riktig var det Helena, Christian, Pia, Henrik og Teodor som stakk av med premiene.<\/p>\n<p>Vi kan allerede n\u00e5 glede oss til neste \u00e5rs tur til 25-manna, da det ikke kolliderer med verken h\u00f8stferie eller representasjonsoppgaver som verdenscup og JEC. Da stiller vi tre lag igjen, har med reserver og heiagjeng og sikter p\u00e5 pallen!!!<\/p>\n<p>Takk til alle som var med i \u00e5r, og til UK for uvurderlig arbeid med lagene til 25-manna!<\/p>\n","protected":false},"excerpt":{"rendered":"<p>For to uker siden var det igjen klart for \u00e5rets store klubbtur til 25-manna nord for Stockholm. I \u00e5r stilte vi med to lag, og da vi fikk noen forfall dagene f\u00f8r var vi s\u00e5 heldige at 2.laget fikk hjelp &hellip; <a class=\"more-link\" href=\"https:\/\/nydalen.idrett.no\/orientering\/2018\/10\/19\/25-manna-2018\/\">Les videre <span class=\"meta-nav\">&rarr;<\/span><\/a><\/p>\n","protected":false},"author":11,"featured_media":0,"comment_status":"open","ping_status":"closed","sticky":false,"template":"","format":"standard","meta":{"footnotes":""},"categories":[35],"tags":[],"class_list":["post-16093","post","type-post","status-publish","format-standard","hentry","category-klubbturer"],"_links":{"self":[{"href":"https:\/\/nydalen.idrett.no\/orientering\/wp-json\/wp\/v2\/posts\/16093","targetHints":{"allow":["GET"]}}],"collection":[{"href":"https:\/\/nydalen.idrett.no\/orientering\/wp-json\/wp\/v2\/posts"}],"about":[{"href":"https:\/\/nydalen.idrett.no\/orientering\/wp-json\/wp\/v2\/types\/post"}],"author":[{"embeddable":true,"href":"https:\/\/nydalen.idrett.no\/orientering\/wp-json\/wp\/v2\/users\/11"}],"replies":[{"embeddable":true,"href":"https:\/\/nydalen.idrett.no\/orientering\/wp-json\/wp\/v2\/comments?post=16093"}],"version-history":[{"count":3,"href":"https:\/\/nydalen.idrett.no\/orientering\/wp-json\/wp\/v2\/posts\/16093\/revisions"}],"predecessor-version":[{"id":16104,"href":"https:\/\/nydalen.idrett.no\/orientering\/wp-json\/wp\/v2\/posts\/16093\/revisions\/16104"}],"wp:attachment":[{"href":"https:\/\/nydalen.idrett.no\/orientering\/wp-json\/wp\/v2\/media?parent=16093"}],"wp:term":[{"taxonomy":"category","embeddable":true,"href":"https:\/\/nydalen.idrett.no\/orientering\/wp-json\/wp\/v2\/categories?post=16093"},{"taxonomy":"post_tag","embeddable":true,"href":"https:\/\/nydalen.idrett.no\/orientering\/wp-json\/wp\/v2\/tags?post=16093"}],"curies":[{"name":"wp","href":"https:\/\/api.w.org\/{rel}","templated":true}]}}