{"id":16000,"date":"2018-09-12T12:42:39","date_gmt":"2018-09-12T10:42:39","guid":{"rendered":"https:\/\/nydalen.idrett.no\/orientering\/?p=16000"},"modified":"2018-10-27T09:35:45","modified_gmt":"2018-10-27T07:35:45","slug":"harry-lagerts-nattcup-2018","status":"publish","type":"post","link":"https:\/\/nydalen.idrett.no\/orientering\/2018\/09\/12\/harry-lagerts-nattcup-2018\/","title":{"rendered":"Harry Lagerts Nattcup 2018"},"content":{"rendered":"<p>F\u00f8lg med p\u00e5 &#8220;<a href=\"https:\/\/nydalen.idrett.no\/orientering\/arrangementer\/harry-lagert\/\">Harry Lagerts-web&#8217;en<\/a>&#8220;.<\/p>\n<p><strong>Finale-info:<\/strong><br \/>\n<a href=\"https:\/\/nydalen.idrett.no\/orientering\/wp-content\/uploads\/2018\/09\/HarryLagerts_2018_Finale_Startliste_a.pdf\">Jaktstart fra sammenlagtresultater<\/a> etter 3 av 4 innledende l\u00f8p.<br \/>\n<strong>Arena:\u00a0<\/strong>Oppsal Arena, Trasop<br \/>\n<strong>Oppm\u00f8tested \/ Start\u00a0\u00a0<\/strong>Lutvann leir, Tosterud.<br \/>\n<!--more--><\/p>\n<p><strong>Startider Jaktstart<\/strong><br \/>\nLegendar 19:00. Fellesstart 19:12:10<br \/>\nKari\u00a0 \u00a0 \u00a0 \u00a0 \u00a0 \u00a0 19:15. Fellesstart 19:30:30<br \/>\nOla\u00a0 \u00a0 \u00a0 \u00a0 \u00a0 \u00a0 \u00a019:35. Fellesstart 19:49:42<br \/>\nLokal\u00a0 \u00a0 \u00a0 \u00a0 \u00a019:55. Fellesstart 20:07:01<br \/>\nSjekk egen starttid p\u00e5 sammenlagtlistene (se link ovenfor)<br \/>\nM\u00f8t i god tid! Utlevering av GPS-enheter for tracking<br \/>\ntil utvalgte l\u00f8pere (alle klasser) senest 15 min f\u00f8r start.<br \/>\n<strong><br \/>\nL\u00f8ypelengder<\/strong><br \/>\nLegendar\u00a0 \u00a0 \u00a0 14.8 km<br \/>\nKari og Ola\u00a0 10.6 km<br \/>\nLokal\u00a0 \u00a0 \u00a0 \u00a0 \u00a0 \u00a0 \u00a0 \u00a05.3 km<br \/>\nArrang\u00f8ren bes\u00f8rger bagasjetransport til Oppsal Arena, Trasop.<br \/>\n<strong><br \/>\nRekruttklassen<\/strong><br \/>\nStart og m\u00e5l p\u00e5 Oppsal Arena<br \/>\nFri start i perioden 19:00-19:30<br \/>\nParl\u00f8p og f\u00f8lge er tillatt.<br \/>\nL\u00f8ypelengde = 3,7 km (C-niv\u00e5)<\/p>\n<p>Detaljert PM publiseres senest torsdag 25.10<\/p>\n<p><strong>Velkommen !!<\/strong><\/p>\n","protected":false},"excerpt":{"rendered":"<p>F\u00f8lg med p\u00e5 &#8220;Harry Lagerts-web&#8217;en&#8220;. Finale-info: Jaktstart fra sammenlagtresultater etter 3 av 4 innledende l\u00f8p. Arena:\u00a0Oppsal Arena, Trasop Oppm\u00f8tested \/ Start\u00a0\u00a0Lutvann leir, Tosterud.<\/p>\n","protected":false},"author":4,"featured_media":0,"comment_status":"open","ping_status":"closed","sticky":false,"template":"","format":"standard","meta":{"footnotes":""},"categories":[17],"tags":[],"class_list":["post-16000","post","type-post","status-publish","format-standard","hentry","category-eksternt"],"_links":{"self":[{"href":"https:\/\/nydalen.idrett.no\/orientering\/wp-json\/wp\/v2\/posts\/16000","targetHints":{"allow":["GET"]}}],"collection":[{"href":"https:\/\/nydalen.idrett.no\/orientering\/wp-json\/wp\/v2\/posts"}],"about":[{"href":"https:\/\/nydalen.idrett.no\/orientering\/wp-json\/wp\/v2\/types\/post"}],"author":[{"embeddable":true,"href":"https:\/\/nydalen.idrett.no\/orientering\/wp-json\/wp\/v2\/users\/4"}],"replies":[{"embeddable":true,"href":"https:\/\/nydalen.idrett.no\/orientering\/wp-json\/wp\/v2\/comments?post=16000"}],"version-history":[{"count":33,"href":"https:\/\/nydalen.idrett.no\/orientering\/wp-json\/wp\/v2\/posts\/16000\/revisions"}],"predecessor-version":[{"id":16121,"href":"https:\/\/nydalen.idrett.no\/orientering\/wp-json\/wp\/v2\/posts\/16000\/revisions\/16121"}],"wp:attachment":[{"href":"https:\/\/nydalen.idrett.no\/orientering\/wp-json\/wp\/v2\/media?parent=16000"}],"wp:term":[{"taxonomy":"category","embeddable":true,"href":"https:\/\/nydalen.idrett.no\/orientering\/wp-json\/wp\/v2\/categories?post=16000"},{"taxonomy":"post_tag","embeddable":true,"href":"https:\/\/nydalen.idrett.no\/orientering\/wp-json\/wp\/v2\/tags?post=16000"}],"curies":[{"name":"wp","href":"https:\/\/api.w.org\/{rel}","templated":true}]}}