{"id":15883,"date":"2018-05-28T10:48:28","date_gmt":"2018-05-28T08:48:28","guid":{"rendered":"https:\/\/nydalen.idrett.no\/orientering\/?p=15883"},"modified":"2018-06-11T08:27:21","modified_gmt":"2018-06-11T06:27:21","slug":"uttak-til-jukola-5","status":"publish","type":"post","link":"https:\/\/nydalen.idrett.no\/orientering\/2018\/05\/28\/uttak-til-jukola-5\/","title":{"rendered":"Uttak til Jukola (oppdatert 11\/6)"},"content":{"rendered":"<p>UK har tatt ut lagene til Jukola som foreg\u00e5r rett utenfor Lahti 16.-17.juni. Intern info om reise, overnatting, trening og lignende vil underveis bli oppdatert p\u00e5 internp\u00e5meldinga her i <a href=\"http:\/\/eventor.orientering.no\/Activities\/Show\/2529\">Eventor<\/a>. Her er v\u00e5re lag:<\/p>\n<ul>\n<li>Lag 1: Elise E &#8211; Marte N &#8211; Maria J &#8211; Siri U<\/li>\n<li>Lag 2: Gunhild RH &#8211; Berit Sofie W &#8211; Emilie W &#8211; Arianna T<\/li>\n<li>Lag 1: H\u00e5vard H &#8211; Alan C &#8211; Anders N &#8211; Eirik KH- Eirik LB &#8211; Elias J &#8211; Jon AO<\/li>\n<li>Lag 2: Anders V &#8211; Bojan B &#8211; Lukas L &#8211; Henrik E &#8211; Isak J &#8211; Per MO &#8211; Halvor S<\/li>\n<li>Reserver er Cristina L og Anders B<\/li>\n<\/ul>\n<p>Sjekk ellers hjemmesida til <a href=\"http:\/\/www.jukola.com\/2018\/en\/\">Jukola<\/a><\/p>\n","protected":false},"excerpt":{"rendered":"<p>UK har tatt ut lagene til Jukola som foreg\u00e5r rett utenfor Lahti 16.-17.juni. Intern info om reise, overnatting, trening og lignende vil underveis bli oppdatert p\u00e5 internp\u00e5meldinga her i Eventor. Her er v\u00e5re lag: Lag 1: Elise E &#8211; Marte &hellip; <a class=\"more-link\" href=\"https:\/\/nydalen.idrett.no\/orientering\/2018\/05\/28\/uttak-til-jukola-5\/\">Les videre <span class=\"meta-nav\">&rarr;<\/span><\/a><\/p>\n","protected":false},"author":40,"featured_media":0,"comment_status":"open","ping_status":"closed","sticky":false,"template":"","format":"standard","meta":{"footnotes":""},"categories":[35,6,10],"tags":[],"class_list":["post-15883","post","type-post","status-publish","format-standard","hentry","category-klubbturer","category-sosialt","category-sportslig"],"_links":{"self":[{"href":"https:\/\/nydalen.idrett.no\/orientering\/wp-json\/wp\/v2\/posts\/15883","targetHints":{"allow":["GET"]}}],"collection":[{"href":"https:\/\/nydalen.idrett.no\/orientering\/wp-json\/wp\/v2\/posts"}],"about":[{"href":"https:\/\/nydalen.idrett.no\/orientering\/wp-json\/wp\/v2\/types\/post"}],"author":[{"embeddable":true,"href":"https:\/\/nydalen.idrett.no\/orientering\/wp-json\/wp\/v2\/users\/40"}],"replies":[{"embeddable":true,"href":"https:\/\/nydalen.idrett.no\/orientering\/wp-json\/wp\/v2\/comments?post=15883"}],"version-history":[{"count":7,"href":"https:\/\/nydalen.idrett.no\/orientering\/wp-json\/wp\/v2\/posts\/15883\/revisions"}],"predecessor-version":[{"id":15907,"href":"https:\/\/nydalen.idrett.no\/orientering\/wp-json\/wp\/v2\/posts\/15883\/revisions\/15907"}],"wp:attachment":[{"href":"https:\/\/nydalen.idrett.no\/orientering\/wp-json\/wp\/v2\/media?parent=15883"}],"wp:term":[{"taxonomy":"category","embeddable":true,"href":"https:\/\/nydalen.idrett.no\/orientering\/wp-json\/wp\/v2\/categories?post=15883"},{"taxonomy":"post_tag","embeddable":true,"href":"https:\/\/nydalen.idrett.no\/orientering\/wp-json\/wp\/v2\/tags?post=15883"}],"curies":[{"name":"wp","href":"https:\/\/api.w.org\/{rel}","templated":true}]}}