{"id":15422,"date":"2017-09-01T08:55:37","date_gmt":"2017-09-01T06:55:37","guid":{"rendered":"http:\/\/nydalen.idrett.no\/orientering\/?p=15422"},"modified":"2017-08-31T19:22:30","modified_gmt":"2017-08-31T17:22:30","slug":"to-lag-pa-25manna","status":"publish","type":"post","link":"https:\/\/nydalen.idrett.no\/orientering\/2017\/09\/01\/to-lag-pa-25manna\/","title":{"rendered":"To lag p\u00e5 25manna!"},"content":{"rendered":"<p>P\u00e5meldinga har v\u00e6rt bra, men det blir &#8220;bare&#8221; to lag p\u00e5 25manna i \u00e5r! Med sm\u00e5tt og stort er vi 65 p\u00e5meldte for turen som har avreise fredag 6.oktober ca kl 14 med buss fra Sognsvann. Stafetten er l\u00f8rdag 7.oktober rett utenfor S\u00f6dert\u00e4lje. P\u00e5 s\u00f8ndag er det mulighet for 25mannamedeln &#8211; her m\u00e5 alle melde seg p\u00e5 selv via <a href=\"https:\/\/eventor.orientering.se\/Events\/Show\/15464\">svensk Eventor<\/a>.<\/p>\n<p>UK planlegger <img loading=\"lazy\" decoding=\"async\" class=\"wp-image-15424 alignleft\" src=\"http:\/\/nydalen.idrett.no\/orientering\/wp-content\/uploads\/2017\/08\/25mannalogo-1-962x516.jpg\" alt=\"\" width=\"308\" height=\"165\" srcset=\"https:\/\/nydalen.idrett.no\/orientering\/wp-content\/uploads\/2017\/08\/25mannalogo-1-962x516.jpg 962w, https:\/\/nydalen.idrett.no\/orientering\/wp-content\/uploads\/2017\/08\/25mannalogo-1-500x268.jpg 500w, https:\/\/nydalen.idrett.no\/orientering\/wp-content\/uploads\/2017\/08\/25mannalogo-1-768x412.jpg 768w, https:\/\/nydalen.idrett.no\/orientering\/wp-content\/uploads\/2017\/08\/25mannalogo-1.jpg 1502w\" sizes=\"auto, (max-width: 308px) 100vw, 308px\" \/>\u00e5 ta ut lagene i l\u00f8pet av uke 37 (uka etter NM). Da vil det antakelig bli 5-6 l\u00f8pere som g\u00e5r inn som reserver i f\u00f8rste omgang. Dersom det skulle bli f\u00e5 sykdoms- eller skadeforfall s\u00e5 vil vi s\u00e5 godt som mulig forh\u00f8re oss med andre klubber slik at alle som er med p\u00e5 turen f\u00e5r mulighet til \u00e5 l\u00f8pe stafetten.<\/p>\n<p>Sjekk ellers <a href=\"http:\/\/www.25manna.se\/\">hjemmesida til 25manna<\/a>.<\/p>\n<p>&nbsp;<\/p>\n","protected":false},"excerpt":{"rendered":"<p>P\u00e5meldinga har v\u00e6rt bra, men det blir &#8220;bare&#8221; to lag p\u00e5 25manna i \u00e5r! Med sm\u00e5tt og stort er vi 65 p\u00e5meldte for turen som har avreise fredag 6.oktober ca kl 14 med buss fra Sognsvann. Stafetten er l\u00f8rdag 7.oktober &hellip; <a class=\"more-link\" href=\"https:\/\/nydalen.idrett.no\/orientering\/2017\/09\/01\/to-lag-pa-25manna\/\">Les videre <span class=\"meta-nav\">&rarr;<\/span><\/a><\/p>\n","protected":false},"author":40,"featured_media":0,"comment_status":"open","ping_status":"closed","sticky":false,"template":"","format":"standard","meta":{"footnotes":""},"categories":[6,10],"tags":[],"class_list":["post-15422","post","type-post","status-publish","format-standard","hentry","category-sosialt","category-sportslig"],"_links":{"self":[{"href":"https:\/\/nydalen.idrett.no\/orientering\/wp-json\/wp\/v2\/posts\/15422","targetHints":{"allow":["GET"]}}],"collection":[{"href":"https:\/\/nydalen.idrett.no\/orientering\/wp-json\/wp\/v2\/posts"}],"about":[{"href":"https:\/\/nydalen.idrett.no\/orientering\/wp-json\/wp\/v2\/types\/post"}],"author":[{"embeddable":true,"href":"https:\/\/nydalen.idrett.no\/orientering\/wp-json\/wp\/v2\/users\/40"}],"replies":[{"embeddable":true,"href":"https:\/\/nydalen.idrett.no\/orientering\/wp-json\/wp\/v2\/comments?post=15422"}],"version-history":[{"count":6,"href":"https:\/\/nydalen.idrett.no\/orientering\/wp-json\/wp\/v2\/posts\/15422\/revisions"}],"predecessor-version":[{"id":15430,"href":"https:\/\/nydalen.idrett.no\/orientering\/wp-json\/wp\/v2\/posts\/15422\/revisions\/15430"}],"wp:attachment":[{"href":"https:\/\/nydalen.idrett.no\/orientering\/wp-json\/wp\/v2\/media?parent=15422"}],"wp:term":[{"taxonomy":"category","embeddable":true,"href":"https:\/\/nydalen.idrett.no\/orientering\/wp-json\/wp\/v2\/categories?post=15422"},{"taxonomy":"post_tag","embeddable":true,"href":"https:\/\/nydalen.idrett.no\/orientering\/wp-json\/wp\/v2\/tags?post=15422"}],"curies":[{"name":"wp","href":"https:\/\/api.w.org\/{rel}","templated":true}]}}