{"id":15322,"date":"2017-07-21T21:31:31","date_gmt":"2017-07-21T19:31:31","guid":{"rendered":"http:\/\/nydalen.idrett.no\/orientering\/?p=15322"},"modified":"2017-07-21T21:31:31","modified_gmt":"2017-07-21T19:31:31","slug":"junior-vm-2017-the-real-story","status":"publish","type":"post","link":"https:\/\/nydalen.idrett.no\/orientering\/2017\/07\/21\/junior-vm-2017-the-real-story\/","title":{"rendered":"Junior-VM 2017 &#8211; the real story"},"content":{"rendered":"<p><span class=\"_5yl5\">Etter t\u00f8ffe uttaksl\u00f8p i Arendal og p\u00e5 Hamar, var det Ragne og jeg som ble tatt ut til \u00e5 v\u00e6re NSKs representanter i Finland. Vi dro bortover allerede p\u00e5 onsdag en knapp uke f\u00f8r f\u00f8rste konkurranse. <img loading=\"lazy\" decoding=\"async\" class=\"alignleft size-medium wp-image-15323\" src=\"http:\/\/nydalen.idrett.no\/orientering\/wp-content\/uploads\/2017\/07\/VM-2017-500x275.jpg\" alt=\"\" width=\"500\" height=\"275\" srcset=\"https:\/\/nydalen.idrett.no\/orientering\/wp-content\/uploads\/2017\/07\/VM-2017-500x275.jpg 500w, https:\/\/nydalen.idrett.no\/orientering\/wp-content\/uploads\/2017\/07\/VM-2017-768x422.jpg 768w, https:\/\/nydalen.idrett.no\/orientering\/wp-content\/uploads\/2017\/07\/VM-2017-962x529.jpg 962w, https:\/\/nydalen.idrett.no\/orientering\/wp-content\/uploads\/2017\/07\/VM-2017.jpg 1600w\" sizes=\"auto, (max-width: 500px) 100vw, 500px\" \/><\/span><\/p>\n<p><!--more--><\/p>\n<p><span class=\"_5yl5\">Vi bodde p\u00e5 et stort konferansehotell, til \u00e5 begynne med sammen med kanaderne. Men i l\u00f8pet av de neste dagene kom det flere hundre l\u00f8pere fra ulike nasjoner.\u00a0Det var hyggelig at alle bodde p\u00e5 samme sted, her var det virkelig muligheter for \u00e5 stifte nye bekjentskap.<\/span><\/p>\n<p><img loading=\"lazy\" decoding=\"async\" class=\"alignleft size-medium wp-image-15324\" src=\"http:\/\/nydalen.idrett.no\/orientering\/wp-content\/uploads\/2017\/07\/Ragne-VM-2017-500x476.jpg\" alt=\"\" width=\"500\" height=\"476\" srcset=\"https:\/\/nydalen.idrett.no\/orientering\/wp-content\/uploads\/2017\/07\/Ragne-VM-2017-500x476.jpg 500w, https:\/\/nydalen.idrett.no\/orientering\/wp-content\/uploads\/2017\/07\/Ragne-VM-2017-768x731.jpg 768w, https:\/\/nydalen.idrett.no\/orientering\/wp-content\/uploads\/2017\/07\/Ragne-VM-2017-962x916.jpg 962w, https:\/\/nydalen.idrett.no\/orientering\/wp-content\/uploads\/2017\/07\/Ragne-VM-2017.jpg 1920w\" sizes=\"auto, (max-width: 500px) 100vw, 500px\" \/><\/p>\n<p>Etter et par trenings\u00f8kter og de siste forberedelsene unnagjort var vi etterhvert klare for konkurransene. Mellomdistanse kvalikken var f\u00f8rste l\u00f8pet. Her var det mange nerv\u00f8se ut\u00f8vere, meg selv inkludert. Jeg kom meg greit gjennom uten store feil, og skaffet meg en god startposisjon for finalen. Ragne vil nok helst glemme mellomdistansen kvalikken og jeg vil ogs\u00e5 pr\u00f8ve \u00e5 glemme siste runden p\u00e5 finalen.<\/p>\n<p>Sprinten gikk bedre og selv om ingen av oss fikk til noe kjempel\u00f8p var det i det minste betydelig bedre enn de f\u00f8rste dagene. Vi fikk ogs\u00e5 testet ut Tampere regionens beste donut sted som ligger p\u00e5 toppen av Finlands st\u00f8rste morenerygg. Ikke s\u00e5 morsomt \u00e5 g\u00e5 opp hit, men donuten smakte godt, s\u00e5 i ettertid var det verdt det.<\/p>\n<p>Etter en deilig hviledag var NSKs l\u00f8pere klare for \u00e5 heve seg et par hakk f\u00f8r mesterskapets siste individuelle l\u00f8p. Langdistansen gikk bedre for oss begge og jeg kunne l\u00f8pe inn til en 10.plass som jeg er godt forn\u00f8yd med. Ragne l\u00f8p inn til en 39.plass av dr\u00f8yt 140 jenter, hun var nok blant de sterkeste 17.\u00e5ringene i feltet.<\/p>\n<p><img loading=\"lazy\" decoding=\"async\" class=\"alignleft size-medium wp-image-15325\" src=\"http:\/\/nydalen.idrett.no\/orientering\/wp-content\/uploads\/2017\/07\/Elias-VM-2017-375x500.jpg\" alt=\"\" width=\"375\" height=\"500\" srcset=\"https:\/\/nydalen.idrett.no\/orientering\/wp-content\/uploads\/2017\/07\/Elias-VM-2017-375x500.jpg 375w, https:\/\/nydalen.idrett.no\/orientering\/wp-content\/uploads\/2017\/07\/Elias-VM-2017.jpg 720w\" sizes=\"auto, (max-width: 375px) 100vw, 375px\" \/><\/p>\n<p>P\u00e5 mesterskapets siste dag var det klart for stafettene. Jeg fikk \u00e6ren av \u00e5 l\u00f8pe p\u00e5 2.etappe p\u00e5 guttas 1.lag, mens Ragne l\u00f8p p\u00e5 jentenes 2.lag. Stafetten ble virkelig en god opplevelse for min del og jeg klarte \u00e5 skaffe en luke som Audun Heimdal p\u00e5 siste etappe tok godt vare. Vi vant stafetten og hindret Olli Ojanaha til \u00e5 vinne 4.gull. Virkelig en bra dag!<\/p>\n<p>Ragne l\u00f8p ogs\u00e5 2.etappe, hun gikk ut p\u00e5 en 25.plass, plukket 11 plasseringer og vekslet p\u00e5 en 14.plass. Ragnes lag kom i m\u00e5l p\u00e5 en sterk 9.plass som nest beste 2.lag.<\/p>\n<p>Mesterskapet ble avsluttet med den tradisjonelle banketten. Her fikk man mulighet til \u00e5 vise fram egenskaper man ikke fikk bruk for i mesterskapet.<\/p>\n<p><img loading=\"lazy\" decoding=\"async\" class=\"alignleft size-medium wp-image-15328\" src=\"http:\/\/nydalen.idrett.no\/orientering\/wp-content\/uploads\/2017\/07\/Elias-vm-2-500x375.jpg\" alt=\"\" width=\"500\" height=\"375\" srcset=\"https:\/\/nydalen.idrett.no\/orientering\/wp-content\/uploads\/2017\/07\/Elias-vm-2-500x375.jpg 500w, https:\/\/nydalen.idrett.no\/orientering\/wp-content\/uploads\/2017\/07\/Elias-vm-2-768x576.jpg 768w, https:\/\/nydalen.idrett.no\/orientering\/wp-content\/uploads\/2017\/07\/Elias-vm-2-962x722.jpg 962w, https:\/\/nydalen.idrett.no\/orientering\/wp-content\/uploads\/2017\/07\/Elias-vm-2.jpg 1025w\" sizes=\"auto, (max-width: 500px) 100vw, 500px\" \/><\/p>\n<p>Elias<\/p>\n","protected":false},"excerpt":{"rendered":"<p>Etter t\u00f8ffe uttaksl\u00f8p i Arendal og p\u00e5 Hamar, var det Ragne og jeg som ble tatt ut til \u00e5 v\u00e6re NSKs representanter i Finland. Vi dro bortover allerede p\u00e5 onsdag en knapp uke f\u00f8r f\u00f8rste konkurranse.<\/p>\n","protected":false},"author":12,"featured_media":0,"comment_status":"open","ping_status":"closed","sticky":false,"template":"","format":"standard","meta":{"footnotes":""},"categories":[4,10],"tags":[],"class_list":["post-15322","post","type-post","status-publish","format-standard","hentry","category-elite","category-sportslig"],"_links":{"self":[{"href":"https:\/\/nydalen.idrett.no\/orientering\/wp-json\/wp\/v2\/posts\/15322","targetHints":{"allow":["GET"]}}],"collection":[{"href":"https:\/\/nydalen.idrett.no\/orientering\/wp-json\/wp\/v2\/posts"}],"about":[{"href":"https:\/\/nydalen.idrett.no\/orientering\/wp-json\/wp\/v2\/types\/post"}],"author":[{"embeddable":true,"href":"https:\/\/nydalen.idrett.no\/orientering\/wp-json\/wp\/v2\/users\/12"}],"replies":[{"embeddable":true,"href":"https:\/\/nydalen.idrett.no\/orientering\/wp-json\/wp\/v2\/comments?post=15322"}],"version-history":[{"count":3,"href":"https:\/\/nydalen.idrett.no\/orientering\/wp-json\/wp\/v2\/posts\/15322\/revisions"}],"predecessor-version":[{"id":15329,"href":"https:\/\/nydalen.idrett.no\/orientering\/wp-json\/wp\/v2\/posts\/15322\/revisions\/15329"}],"wp:attachment":[{"href":"https:\/\/nydalen.idrett.no\/orientering\/wp-json\/wp\/v2\/media?parent=15322"}],"wp:term":[{"taxonomy":"category","embeddable":true,"href":"https:\/\/nydalen.idrett.no\/orientering\/wp-json\/wp\/v2\/categories?post=15322"},{"taxonomy":"post_tag","embeddable":true,"href":"https:\/\/nydalen.idrett.no\/orientering\/wp-json\/wp\/v2\/tags?post=15322"}],"curies":[{"name":"wp","href":"https:\/\/api.w.org\/{rel}","templated":true}]}}