{"id":1520,"date":"2011-01-22T20:47:23","date_gmt":"2011-01-22T19:47:23","guid":{"rendered":"http:\/\/nydalen.idrett.no\/orientering\/?p=1520"},"modified":"2011-01-23T18:58:07","modified_gmt":"2011-01-23T17:58:07","slug":"o-l%c3%b8pere-i-toppen-i-km-klassisk","status":"publish","type":"post","link":"https:\/\/nydalen.idrett.no\/orientering\/2011\/01\/22\/o-l%c3%b8pere-i-toppen-i-km-klassisk\/","title":{"rendered":"O-l\u00f8pere i toppen i langrenns-KM"},"content":{"rendered":"<p>Langrenns-KM ble arrangert i Kollen l\u00f8rdag og s\u00f8ndag. NSK&#8217;weben gratulerer med mange sterke resultater for o-l\u00f8perne i Koll, Kjels\u00e5s og Lyn.<\/p>\n<p>Blant kretsmestrene, noen s\u00e5gar begge dager, finner vi Ragne W, H\u00e5kon S, Ingvild A, Henriette AS, Espen HK, Anine A og Aksel M. \u00a0Dette tegner godt for den kommende o-sesongen, da kledt i burgunderr\u00f8dt. Se resultater\u00a0\u00a0<a href=\"http:\/\/km2011-langrenn.kjelsaas.no\/resultat\/kmfri\">her<\/a><\/p>\n","protected":false},"excerpt":{"rendered":"<p>Langrenns-KM ble arrangert i Kollen l\u00f8rdag og s\u00f8ndag. NSK&#8217;weben gratulerer med mange sterke resultater for o-l\u00f8perne i Koll, Kjels\u00e5s og Lyn. Blant kretsmestrene, noen s\u00e5gar begge dager, finner vi Ragne W, H\u00e5kon S, Ingvild A, Henriette AS, Espen HK, Anine &hellip; <a class=\"more-link\" href=\"https:\/\/nydalen.idrett.no\/orientering\/2011\/01\/22\/o-l%c3%b8pere-i-toppen-i-km-klassisk\/\">Les videre <span class=\"meta-nav\">&rarr;<\/span><\/a><\/p>\n","protected":false},"author":6,"featured_media":0,"comment_status":"open","ping_status":"closed","sticky":false,"template":"","format":"standard","meta":{"footnotes":""},"categories":[10,20],"tags":[],"class_list":["post-1520","post","type-post","status-publish","format-standard","hentry","category-sportslig","category-ungdom-13-16-ar"],"_links":{"self":[{"href":"https:\/\/nydalen.idrett.no\/orientering\/wp-json\/wp\/v2\/posts\/1520","targetHints":{"allow":["GET"]}}],"collection":[{"href":"https:\/\/nydalen.idrett.no\/orientering\/wp-json\/wp\/v2\/posts"}],"about":[{"href":"https:\/\/nydalen.idrett.no\/orientering\/wp-json\/wp\/v2\/types\/post"}],"author":[{"embeddable":true,"href":"https:\/\/nydalen.idrett.no\/orientering\/wp-json\/wp\/v2\/users\/6"}],"replies":[{"embeddable":true,"href":"https:\/\/nydalen.idrett.no\/orientering\/wp-json\/wp\/v2\/comments?post=1520"}],"version-history":[{"count":6,"href":"https:\/\/nydalen.idrett.no\/orientering\/wp-json\/wp\/v2\/posts\/1520\/revisions"}],"predecessor-version":[{"id":1523,"href":"https:\/\/nydalen.idrett.no\/orientering\/wp-json\/wp\/v2\/posts\/1520\/revisions\/1523"}],"wp:attachment":[{"href":"https:\/\/nydalen.idrett.no\/orientering\/wp-json\/wp\/v2\/media?parent=1520"}],"wp:term":[{"taxonomy":"category","embeddable":true,"href":"https:\/\/nydalen.idrett.no\/orientering\/wp-json\/wp\/v2\/categories?post=1520"},{"taxonomy":"post_tag","embeddable":true,"href":"https:\/\/nydalen.idrett.no\/orientering\/wp-json\/wp\/v2\/tags?post=1520"}],"curies":[{"name":"wp","href":"https:\/\/api.w.org\/{rel}","templated":true}]}}