{"id":15083,"date":"2018-03-04T21:00:02","date_gmt":"2018-03-04T20:00:02","guid":{"rendered":"http:\/\/nydalen.idrett.no\/orientering\/?p=15083"},"modified":"2019-04-09T10:14:55","modified_gmt":"2019-04-09T08:14:55","slug":"arrangement-2017","status":"publish","type":"post","link":"https:\/\/nydalen.idrett.no\/orientering\/2018\/03\/04\/arrangement-2017\/","title":{"rendered":"Arrangement 2018"},"content":{"rendered":"<p>Ny o-sesong betyr ogs\u00e5 nye arrangement i regi av Nydalens SK Orientering.<\/p>\n<p><!--more--><\/p>\n<div id=\"attachment_15084\" style=\"width: 510px\" class=\"wp-caption alignleft\"><a href=\"http:\/\/nydalen.idrett.no\/orientering\/wp-content\/uploads\/2017\/04\/Startbilde.jpg\"><img loading=\"lazy\" decoding=\"async\" aria-describedby=\"caption-attachment-15084\" class=\"wp-image-15084 size-medium\" src=\"http:\/\/nydalen.idrett.no\/orientering\/wp-content\/uploads\/2017\/04\/Startbilde-500x318.jpg\" alt=\"\" width=\"500\" height=\"318\" srcset=\"https:\/\/nydalen.idrett.no\/orientering\/wp-content\/uploads\/2017\/04\/Startbilde-500x318.jpg 500w, https:\/\/nydalen.idrett.no\/orientering\/wp-content\/uploads\/2017\/04\/Startbilde.jpg 640w\" sizes=\"auto, (max-width: 500px) 100vw, 500px\" \/><\/a><p id=\"caption-attachment-15084\" class=\"wp-caption-text\">Fra &#8220;Nydalten 2016&#8221; i Maridalen &#8211; Foto Bj\u00f8rn Hauge, NSK<\/p><\/div>\n<p>&nbsp;<\/p>\n<p>&nbsp;<\/p>\n<p>&nbsp;<\/p>\n<p>&nbsp;<\/p>\n<p>&nbsp;<\/p>\n<p>&nbsp;<\/p>\n<p>&nbsp;<\/p>\n<p>Hei alle <strong>Nyd\u00f8linger!<\/strong><\/p>\n<p>Vi skal l\u00f8pe mange o-l\u00f8p i \u00e5r, og vi skal ogs\u00e5 arrangere en del &#8220;faste&#8221; arrangement. V\u00e5rt siste store arrangement var O-Festivalen i 2015, og det neste blir NM i sprintorientering p\u00e5 forsommeren i 2019.&nbsp; &nbsp;2018 er s\u00e5ledes et&nbsp;&nbsp;&#8220;normal-\u00e5r&#8221;.<\/p>\n<p>Alle arrangement er viktige ifm bidrag til klubbens \u00f8konomi. Men like viktig: \u00c5 arrangere l\u00f8p er ogs\u00e5 en del av livet i en o-klubb.<\/p>\n<p><strong>\u00c5rets arrangement<\/strong><br \/>\n\u2013 3.april&nbsp; &nbsp;Oslo City Cup #1&nbsp; &nbsp; &nbsp; &nbsp;(Sprint-O; Aker brygge)<br \/>\n\u2013 12.mai&nbsp; Nydalten&nbsp; &nbsp; &nbsp; &nbsp; &nbsp; &nbsp; &nbsp; &nbsp; &nbsp; &nbsp; &nbsp;(V\u00e5rt tradisjonelle o-l\u00f8p, Norges eldste)<br \/>\n\u2013 26.mai&nbsp; Grefsenkollen Opp&nbsp; (Bakkel\u00f8p til Grefsenkollen. 11. \u00e5rgang.)<br \/>\n&#8211;&nbsp; 6.sept&nbsp; &nbsp;Nydalsl\u00f8pet&nbsp; &nbsp; &nbsp; &nbsp; &nbsp; &nbsp; &nbsp; &nbsp;(Gatel\u00f8p i Nydalen. Ansvar: Senior- og junior-gruppa)<\/p>\n<p>Senere p\u00e5 \u00e5ret kommer noen flere viktige arrangement:<br \/>\n&#8211; Klubbmesterskapet (aug)<br \/>\n&#8211; Nordmarkskarusellen (sept)<br \/>\n&#8211; Harry Lagerts Nattcup (sept-okt)<\/p>\n<p>Det er n\u00e5 satt opp en dugnadsportal for \u00e5 gi alle oversikt over hva som skal foreg\u00e5, og et sted \u00e5 melde seg til tjeneste. &nbsp;Alle kan selvsagt gjerne delta p\u00e5 alt, men vi har fordelt hovedansvaret for \u00e5 fylle mannskapslista for enkelte av l\u00f8pene p\u00e5 noen av l\u00f8pergruppene.<\/p>\n<p>Meld deg p\u00e5 !<br \/>\nDersom hver enkelt av oss feks stiller p\u00e5 minst to arrangementer, blir belastningen spredt p\u00e5 flere, og kabalen g\u00e5r opp.<\/p>\n<p><strong>Link til <a href=\"http:\/\/palisoft.no\/pmdb\/index.php?arrid=3581&amp;klubbid=102\">Dugnadsportalen 2018<\/a><\/strong><\/p>\n<p>De ansvarlige for arrangementene vil i tillegg til denne p\u00e5meldingsportalen drive en del &#8216;opps\u00f8kende virksomhet&#8217;&nbsp; for \u00e5 skaffe dugnadsmedarbeidere.&nbsp; Har du gode forslag til personer som du tror kan egne seg i forskjellige roller i arrangementene (gjerne: deg selv!), kontakt arr. ansvarlig i styret; Helge Stubberud (922 66 947).<\/p>\n<p>Dersom du har sp\u00f8rsm\u00e5l om de enkelte arrangementene, ta gjerne kontakt med n\u00f8kkelpersonene, (se dugnadsportelen)<\/p>\n<p>Dugnad er nyttig og viktig, og samtidig sosialt, morsomt og klubb-utviklende. &nbsp;Bli med !!<\/p>\n<p>Hilsen O-styret, v Helge Stubberud.<\/p>\n<p>&nbsp;<\/p>\n<p><strong>Detaljer om arrangementene<\/strong>&nbsp;(oppdateres):<\/p>\n<p><strong>Oslo City Cup<\/strong>&nbsp;tirsdag 4. april.<br \/>\nBehov ca 30 medhjelpere.<br \/>\nN\u00f8kkelpersoner<br \/>\nL\u00f8psleder: Helge Stubberud<br \/>\nL\u00f8ypelegger:<br \/>\nArena:<br \/>\nSekretariat\/EDB: Torstein Hole<\/p>\n<p><strong>Nydalten<\/strong>&nbsp;l\u00f8rdag 12. mai.<br \/>\nBehov ca 60 medhjelpere<br \/>\nN\u00f8kkelpersoner<br \/>\nL\u00f8psleder: Helge Stubberud<br \/>\nL\u00f8ypelegger:<br \/>\nArena:<br \/>\nSekretariat\/EDB: Jon Petter Nielsen<br \/>\nSalg:<\/p>\n<p><strong>Grefsenkollen Opp<\/strong>&nbsp;l\u00f8rdag 26. mai,<br \/>\nBehov ca 30 medhjelpere<br \/>\nN\u00f8kkelpersoner:<br \/>\nSekretariat\/P\u00e5melding: Jon Petter Nielsen<br \/>\nRigg\/Start: P\u00e5l Haavengen<br \/>\nRigg\/M\u00e5l: Knut Aalde<br \/>\nL\u00f8ype\/Vakter: Anders Nordling<\/p>\n<p>Merk: Grefsenkollen Opp kolliderer i \u00e5r med NM Sprint-orientering<\/p>\n<p><strong>Nydalsl\u00f8pet<\/strong>&nbsp; 6. sept.<br \/>\nBehov ca 30 medhjelpere (Rekrutteres fra Senior og Junior Elite)<br \/>\nN\u00f8kkelpersoner:<br \/>\nKontaktpersoner: H\u00e5vard Haga, Bojan Blumenstein<\/p>\n<p>Merknad om Nydalsl\u00f8pet: Pga sperringsregler for Sprint-NM m\u00e5 alle som har planer om \u00e5 l\u00f8pe v\u00e5rt Sprint-NM i (2019) kun ha oppgaver Nydalstorget.<\/p>\n","protected":false},"excerpt":{"rendered":"<p>Ny o-sesong betyr ogs\u00e5 nye arrangement i regi av Nydalens SK Orientering.<\/p>\n","protected":false},"author":4,"featured_media":0,"comment_status":"open","ping_status":"closed","sticky":false,"template":"","format":"standard","meta":{"footnotes":""},"categories":[7],"tags":[],"class_list":["post-15083","post","type-post","status-publish","format-standard","hentry","category-administrativt"],"_links":{"self":[{"href":"https:\/\/nydalen.idrett.no\/orientering\/wp-json\/wp\/v2\/posts\/15083","targetHints":{"allow":["GET"]}}],"collection":[{"href":"https:\/\/nydalen.idrett.no\/orientering\/wp-json\/wp\/v2\/posts"}],"about":[{"href":"https:\/\/nydalen.idrett.no\/orientering\/wp-json\/wp\/v2\/types\/post"}],"author":[{"embeddable":true,"href":"https:\/\/nydalen.idrett.no\/orientering\/wp-json\/wp\/v2\/users\/4"}],"replies":[{"embeddable":true,"href":"https:\/\/nydalen.idrett.no\/orientering\/wp-json\/wp\/v2\/comments?post=15083"}],"version-history":[{"count":8,"href":"https:\/\/nydalen.idrett.no\/orientering\/wp-json\/wp\/v2\/posts\/15083\/revisions"}],"predecessor-version":[{"id":16460,"href":"https:\/\/nydalen.idrett.no\/orientering\/wp-json\/wp\/v2\/posts\/15083\/revisions\/16460"}],"wp:attachment":[{"href":"https:\/\/nydalen.idrett.no\/orientering\/wp-json\/wp\/v2\/media?parent=15083"}],"wp:term":[{"taxonomy":"category","embeddable":true,"href":"https:\/\/nydalen.idrett.no\/orientering\/wp-json\/wp\/v2\/categories?post=15083"},{"taxonomy":"post_tag","embeddable":true,"href":"https:\/\/nydalen.idrett.no\/orientering\/wp-json\/wp\/v2\/tags?post=15083"}],"curies":[{"name":"wp","href":"https:\/\/api.w.org\/{rel}","templated":true}]}}