{"id":14945,"date":"2017-03-07T19:32:08","date_gmt":"2017-03-07T18:32:08","guid":{"rendered":"http:\/\/nydalen.idrett.no\/orientering\/?p=14945"},"modified":"2017-03-07T19:32:08","modified_gmt":"2017-03-07T18:32:08","slug":"vinterrapport-fra-ungdomsteamet","status":"publish","type":"post","link":"https:\/\/nydalen.idrett.no\/orientering\/2017\/03\/07\/vinterrapport-fra-ungdomsteamet\/","title":{"rendered":"Vinterrapport fra ungdomsteamet"},"content":{"rendered":"<p dir=\"LTR\" align=\"LEFT\">\u00a0\u00a0\u00a0\u00a0\u00a0\u00a0<img loading=\"lazy\" decoding=\"async\" class=\"alignnone size-medium wp-image-14947\" src=\"http:\/\/nydalen.idrett.no\/orientering\/wp-content\/uploads\/2017\/03\/IMG_26601-500x375.jpg\" alt=\"\" width=\"500\" height=\"375\" srcset=\"https:\/\/nydalen.idrett.no\/orientering\/wp-content\/uploads\/2017\/03\/IMG_26601-500x375.jpg 500w, https:\/\/nydalen.idrett.no\/orientering\/wp-content\/uploads\/2017\/03\/IMG_26601-768x576.jpg 768w, https:\/\/nydalen.idrett.no\/orientering\/wp-content\/uploads\/2017\/03\/IMG_26601-962x722.jpg 962w\" sizes=\"auto, (max-width: 500px) 100vw, 500px\" \/><\/p>\n<p dir=\"LTR\" align=\"LEFT\">N\u00e5r dette skrives har det g\u00e5tt 3 m\u00e5neder siden vi startet opp vintertrening p\u00e5 mandagene for ungdommene, og hver mandag gjennom vinteren har det m\u00f8tt opp 15-20 ungdommer for \u00e5 ha en l\u00f8petur ute (med lek, stafetter, l\u00f8psdrill og noen ganger orientering) og deretter en styrke\u00f8kt innend\u00f8rs.<!--more--><\/p>\n<p dir=\"LTR\" align=\"LEFT\">Ungdommene har ogs\u00e5 gjennomf\u00f8rt tre sosiale treffer da de gjort helt andre ting enn trent, eller hva kan man si om tur til Rush trampolinepark, Fangene p\u00e5 fortet og filmkveld. Treffer som ungdommene selv har tatt en god del ansvar for \u00e5 gjennomf\u00f8re.<\/p>\n<p dir=\"LTR\" align=\"LEFT\">Det er jo veldig kjekt \u00e5 drive med mange idretter i ungdomstiden, ja, det anbefales faktisk helt t o m junioralder og i ungdomsteamet er det mange som gj\u00f8r nettopp det. Noen av de tar helt fri fra orienteringstreningen p\u00e5 vinteren, mens noen f\u00e5r tid til \u00e5 trene begge deler \u2013 eller plukker ut de trenings\u00f8ktene som de mener passer best i ukeprogrammet sitt. Det er mange av v\u00e5re 15-16-\u00e5ringer som nettopp har kommet hjem fra Hovedlandsrennet i langrenn p\u00e5 Tolga, for noen uker siden gikk mange av 13-14-\u00e5ringene Ungdommens Holmenkollrenn, noen har konkurrert i skiskyting, flere i skiorientering, mens andre trener friidrett, h\u00e5ndball eller spiller masse fotball p\u00e5 vinteren.<\/p>\n<p dir=\"LTR\" align=\"LEFT\">19 ungdommer fra Nydalen var med p\u00e5 ski-o samling p\u00e5 Sjusj\u00f8en i desember, og disse bildene er hentet derfra.<\/p>\n<div id=\"attachment_14946\" style=\"width: 510px\" class=\"wp-caption alignnone\"><img loading=\"lazy\" decoding=\"async\" aria-describedby=\"caption-attachment-14946\" class=\"wp-image-14946 size-medium\" src=\"http:\/\/nydalen.idrett.no\/orientering\/wp-content\/uploads\/2017\/03\/IMG_26671-500x375.jpg\" alt=\"\" width=\"500\" height=\"375\" srcset=\"https:\/\/nydalen.idrett.no\/orientering\/wp-content\/uploads\/2017\/03\/IMG_26671-500x375.jpg 500w, https:\/\/nydalen.idrett.no\/orientering\/wp-content\/uploads\/2017\/03\/IMG_26671-768x576.jpg 768w, https:\/\/nydalen.idrett.no\/orientering\/wp-content\/uploads\/2017\/03\/IMG_26671-962x722.jpg 962w\" sizes=\"auto, (max-width: 500px) 100vw, 500px\" \/><p id=\"caption-attachment-14946\" class=\"wp-caption-text\">Anders, Teodor og Elias<\/p><\/div>\n<div id=\"attachment_14948\" style=\"width: 510px\" class=\"wp-caption alignnone\"><img loading=\"lazy\" decoding=\"async\" aria-describedby=\"caption-attachment-14948\" class=\"wp-image-14948 size-medium\" src=\"http:\/\/nydalen.idrett.no\/orientering\/wp-content\/uploads\/2017\/03\/IMG_26761-500x375.jpg\" alt=\"\" width=\"500\" height=\"375\" srcset=\"https:\/\/nydalen.idrett.no\/orientering\/wp-content\/uploads\/2017\/03\/IMG_26761-500x375.jpg 500w, https:\/\/nydalen.idrett.no\/orientering\/wp-content\/uploads\/2017\/03\/IMG_26761-768x576.jpg 768w, https:\/\/nydalen.idrett.no\/orientering\/wp-content\/uploads\/2017\/03\/IMG_26761-962x722.jpg 962w\" sizes=\"auto, (max-width: 500px) 100vw, 500px\" \/><p id=\"caption-attachment-14948\" class=\"wp-caption-text\">Ada og Marte<\/p><\/div>\n<p dir=\"LTR\" align=\"LEFT\">\n<p dir=\"LTR\" align=\"LEFT\">Hovedl\u00f8p i skiorientering har det ogs\u00e5 v\u00e6rt, p\u00e5 Eiksetra i Drammensmarka. Der stilte 10 ungdommer fra Nydalen til start, og de var ikke beskjedne i medaljejakten \u2013 det ble 4 gull og 1 s\u00f8lv til NSK denne dagen og flere andre gode plasseringer.<\/p>\n<p dir=\"LTR\" align=\"LEFT\"><img loading=\"lazy\" decoding=\"async\" class=\"alignnone size-medium wp-image-14949\" src=\"http:\/\/nydalen.idrett.no\/orientering\/wp-content\/uploads\/2017\/03\/IMG_28241-500x375.jpg\" alt=\"\" width=\"500\" height=\"375\" srcset=\"https:\/\/nydalen.idrett.no\/orientering\/wp-content\/uploads\/2017\/03\/IMG_28241-500x375.jpg 500w, https:\/\/nydalen.idrett.no\/orientering\/wp-content\/uploads\/2017\/03\/IMG_28241-768x576.jpg 768w, https:\/\/nydalen.idrett.no\/orientering\/wp-content\/uploads\/2017\/03\/IMG_28241-962x722.jpg 962w\" sizes=\"auto, (max-width: 500px) 100vw, 500px\" \/><\/p>\n<div id=\"attachment_14950\" style=\"width: 510px\" class=\"wp-caption alignnone\"><img loading=\"lazy\" decoding=\"async\" aria-describedby=\"caption-attachment-14950\" class=\"wp-image-14950 size-medium\" src=\"http:\/\/nydalen.idrett.no\/orientering\/wp-content\/uploads\/2017\/03\/IMG_28301-500x375.jpg\" alt=\"\" width=\"500\" height=\"375\" srcset=\"https:\/\/nydalen.idrett.no\/orientering\/wp-content\/uploads\/2017\/03\/IMG_28301-500x375.jpg 500w, https:\/\/nydalen.idrett.no\/orientering\/wp-content\/uploads\/2017\/03\/IMG_28301-768x576.jpg 768w, https:\/\/nydalen.idrett.no\/orientering\/wp-content\/uploads\/2017\/03\/IMG_28301-962x722.jpg 962w\" sizes=\"auto, (max-width: 500px) 100vw, 500px\" \/><p id=\"caption-attachment-14950\" class=\"wp-caption-text\">Pia vinner D14 med dagens st\u00f8rste seiersmargin<\/p><\/div>\n<div id=\"attachment_14951\" style=\"width: 510px\" class=\"wp-caption alignnone\"><img loading=\"lazy\" decoding=\"async\" aria-describedby=\"caption-attachment-14951\" class=\"wp-image-14951 size-medium\" src=\"http:\/\/nydalen.idrett.no\/orientering\/wp-content\/uploads\/2017\/03\/IMG_28381-500x375.jpg\" alt=\"\" width=\"500\" height=\"375\" srcset=\"https:\/\/nydalen.idrett.no\/orientering\/wp-content\/uploads\/2017\/03\/IMG_28381-500x375.jpg 500w, https:\/\/nydalen.idrett.no\/orientering\/wp-content\/uploads\/2017\/03\/IMG_28381-768x576.jpg 768w, https:\/\/nydalen.idrett.no\/orientering\/wp-content\/uploads\/2017\/03\/IMG_28381-962x722.jpg 962w\" sizes=\"auto, (max-width: 500px) 100vw, 500px\" \/><p id=\"caption-attachment-14951\" class=\"wp-caption-text\">H14-vinner Teodor<\/p><\/div>\n<div id=\"attachment_14952\" style=\"width: 510px\" class=\"wp-caption alignnone\"><img loading=\"lazy\" decoding=\"async\" aria-describedby=\"caption-attachment-14952\" class=\"wp-image-14952 size-medium\" src=\"http:\/\/nydalen.idrett.no\/orientering\/wp-content\/uploads\/2017\/03\/IMG_28441-500x375.jpg\" alt=\"\" width=\"500\" height=\"375\" srcset=\"https:\/\/nydalen.idrett.no\/orientering\/wp-content\/uploads\/2017\/03\/IMG_28441-500x375.jpg 500w, https:\/\/nydalen.idrett.no\/orientering\/wp-content\/uploads\/2017\/03\/IMG_28441-768x576.jpg 768w, https:\/\/nydalen.idrett.no\/orientering\/wp-content\/uploads\/2017\/03\/IMG_28441-962x722.jpg 962w\" sizes=\"auto, (max-width: 500px) 100vw, 500px\" \/><p id=\"caption-attachment-14952\" class=\"wp-caption-text\">Kornelius vinner H15<\/p><\/div>\n<div id=\"attachment_14953\" style=\"width: 510px\" class=\"wp-caption alignnone\"><img loading=\"lazy\" decoding=\"async\" aria-describedby=\"caption-attachment-14953\" class=\"wp-image-14953 size-medium\" src=\"http:\/\/nydalen.idrett.no\/orientering\/wp-content\/uploads\/2017\/03\/IMG_28491-500x375.jpg\" alt=\"\" width=\"500\" height=\"375\" srcset=\"https:\/\/nydalen.idrett.no\/orientering\/wp-content\/uploads\/2017\/03\/IMG_28491-500x375.jpg 500w, https:\/\/nydalen.idrett.no\/orientering\/wp-content\/uploads\/2017\/03\/IMG_28491-768x576.jpg 768w, https:\/\/nydalen.idrett.no\/orientering\/wp-content\/uploads\/2017\/03\/IMG_28491-962x722.jpg 962w\" sizes=\"auto, (max-width: 500px) 100vw, 500px\" \/><p id=\"caption-attachment-14953\" class=\"wp-caption-text\">Isak og Halvor vinner dobbelt i H16<\/p><\/div>\n<p dir=\"LTR\" align=\"LEFT\">\n<p dir=\"LTR\" align=\"LEFT\">N\u00e5 er det faktisk ikke mer enn tre uker til f\u00f8rste \u00abordentlige\u00bb ungdomstrening, og vi gleder oss stort til \u00e5 komme i gang igjen!<\/p>\n<p dir=\"LTR\" align=\"LEFT\">Jeg h\u00e5per \u00e5 se s\u00e5 mange som mulig av b\u00e5de ungdommer og foreldre tirsdag 14.mars p\u00e5 kickoff for 2017-sesongen. Der f\u00e5r dere treffe ungdomstrenerne v\u00e5re samt h\u00f8re om treninger, l\u00f8p og samlinger for ungdommene. Oppm\u00f8te kl 1730 p\u00e5 NIH for ungdommer (og foreldre som har lyst p\u00e5 treningstur), m\u00f8tet starter kl 1900.<\/p>\n<p>&nbsp;<\/p>\n","protected":false},"excerpt":{"rendered":"<p>\u00a0\u00a0\u00a0\u00a0\u00a0\u00a0 N\u00e5r dette skrives har det g\u00e5tt 3 m\u00e5neder siden vi startet opp vintertrening p\u00e5 mandagene for ungdommene, og hver mandag gjennom vinteren har det m\u00f8tt opp 15-20 ungdommer for \u00e5 ha en l\u00f8petur ute (med lek, stafetter, l\u00f8psdrill og &hellip; <a class=\"more-link\" href=\"https:\/\/nydalen.idrett.no\/orientering\/2017\/03\/07\/vinterrapport-fra-ungdomsteamet\/\">Les videre <span class=\"meta-nav\">&rarr;<\/span><\/a><\/p>\n","protected":false},"author":11,"featured_media":0,"comment_status":"open","ping_status":"closed","sticky":false,"template":"","format":"standard","meta":{"footnotes":""},"categories":[20],"tags":[],"class_list":["post-14945","post","type-post","status-publish","format-standard","hentry","category-ungdom-13-16-ar"],"_links":{"self":[{"href":"https:\/\/nydalen.idrett.no\/orientering\/wp-json\/wp\/v2\/posts\/14945","targetHints":{"allow":["GET"]}}],"collection":[{"href":"https:\/\/nydalen.idrett.no\/orientering\/wp-json\/wp\/v2\/posts"}],"about":[{"href":"https:\/\/nydalen.idrett.no\/orientering\/wp-json\/wp\/v2\/types\/post"}],"author":[{"embeddable":true,"href":"https:\/\/nydalen.idrett.no\/orientering\/wp-json\/wp\/v2\/users\/11"}],"replies":[{"embeddable":true,"href":"https:\/\/nydalen.idrett.no\/orientering\/wp-json\/wp\/v2\/comments?post=14945"}],"version-history":[{"count":2,"href":"https:\/\/nydalen.idrett.no\/orientering\/wp-json\/wp\/v2\/posts\/14945\/revisions"}],"predecessor-version":[{"id":14955,"href":"https:\/\/nydalen.idrett.no\/orientering\/wp-json\/wp\/v2\/posts\/14945\/revisions\/14955"}],"wp:attachment":[{"href":"https:\/\/nydalen.idrett.no\/orientering\/wp-json\/wp\/v2\/media?parent=14945"}],"wp:term":[{"taxonomy":"category","embeddable":true,"href":"https:\/\/nydalen.idrett.no\/orientering\/wp-json\/wp\/v2\/categories?post=14945"},{"taxonomy":"post_tag","embeddable":true,"href":"https:\/\/nydalen.idrett.no\/orientering\/wp-json\/wp\/v2\/tags?post=14945"}],"curies":[{"name":"wp","href":"https:\/\/api.w.org\/{rel}","templated":true}]}}