{"id":14801,"date":"2016-10-13T12:05:46","date_gmt":"2016-10-13T10:05:46","guid":{"rendered":"http:\/\/nydalen.idrett.no\/orientering\/?p=14801"},"modified":"2016-10-14T10:43:59","modified_gmt":"2016-10-14T08:43:59","slug":"harry-lagerts-nattcup-finale","status":"publish","type":"post","link":"https:\/\/nydalen.idrett.no\/orientering\/2016\/10\/13\/harry-lagerts-nattcup-finale\/","title":{"rendered":"Harry Lagerts-finale med GPS-Tracking."},"content":{"rendered":"<p>Finale! \u00a0Legendar-start \u00a0<strong>fredag fra kl 19:15.<br \/>\n<\/strong>Hjemmesittere: Dropp Gullrekka! \u00a0<a href=\"https:\/\/events.loggator.com\/20161014hlfinal\">Live tracking <\/a>\u00a0fra kl 19:30.<\/p>\n<p><a href=\"http:\/\/nydalen.idrett.no\/orientering\/wp-content\/uploads\/2016\/10\/harry_logo_noyear300.jpg\"><img loading=\"lazy\" decoding=\"async\" class=\"size-full wp-image-14804 alignnone\" src=\"http:\/\/nydalen.idrett.no\/orientering\/wp-content\/uploads\/2016\/10\/harry_logo_noyear300.jpg\" alt=\"harry_logo_noyear300\" width=\"300\" height=\"94\" \/><\/a><\/p>\n<p>Start og m\u00e5l er p\u00e5 Solemskogen, og terrenget er \u00a0&#8216;Vill-o-marka&#8217;.<br \/>\nOver 40 av ca 180 p\u00e5meldte er rekrutter, som har samling p\u00e5 Grendehuset etter l\u00f8pet.<br \/>\nVelkommen !!<\/p>\n","protected":false},"excerpt":{"rendered":"<p>Finale! \u00a0Legendar-start \u00a0fredag fra kl 19:15. Hjemmesittere: Dropp Gullrekka! \u00a0Live tracking \u00a0fra kl 19:30. Start og m\u00e5l er p\u00e5 Solemskogen, og terrenget er \u00a0&#8216;Vill-o-marka&#8217;. Over 40 av ca 180 p\u00e5meldte er rekrutter, som har samling p\u00e5 Grendehuset etter l\u00f8pet. Velkommen &hellip; <a class=\"more-link\" href=\"https:\/\/nydalen.idrett.no\/orientering\/2016\/10\/13\/harry-lagerts-nattcup-finale\/\">Les videre <span class=\"meta-nav\">&rarr;<\/span><\/a><\/p>\n","protected":false},"author":4,"featured_media":0,"comment_status":"open","ping_status":"closed","sticky":false,"template":"","format":"standard","meta":{"footnotes":""},"categories":[17,19,6,10],"tags":[],"class_list":["post-14801","post","type-post","status-publish","format-standard","hentry","category-eksternt","category-rekrutter-8-12-ar","category-sosialt","category-sportslig"],"_links":{"self":[{"href":"https:\/\/nydalen.idrett.no\/orientering\/wp-json\/wp\/v2\/posts\/14801","targetHints":{"allow":["GET"]}}],"collection":[{"href":"https:\/\/nydalen.idrett.no\/orientering\/wp-json\/wp\/v2\/posts"}],"about":[{"href":"https:\/\/nydalen.idrett.no\/orientering\/wp-json\/wp\/v2\/types\/post"}],"author":[{"embeddable":true,"href":"https:\/\/nydalen.idrett.no\/orientering\/wp-json\/wp\/v2\/users\/4"}],"replies":[{"embeddable":true,"href":"https:\/\/nydalen.idrett.no\/orientering\/wp-json\/wp\/v2\/comments?post=14801"}],"version-history":[{"count":6,"href":"https:\/\/nydalen.idrett.no\/orientering\/wp-json\/wp\/v2\/posts\/14801\/revisions"}],"predecessor-version":[{"id":14810,"href":"https:\/\/nydalen.idrett.no\/orientering\/wp-json\/wp\/v2\/posts\/14801\/revisions\/14810"}],"wp:attachment":[{"href":"https:\/\/nydalen.idrett.no\/orientering\/wp-json\/wp\/v2\/media?parent=14801"}],"wp:term":[{"taxonomy":"category","embeddable":true,"href":"https:\/\/nydalen.idrett.no\/orientering\/wp-json\/wp\/v2\/categories?post=14801"},{"taxonomy":"post_tag","embeddable":true,"href":"https:\/\/nydalen.idrett.no\/orientering\/wp-json\/wp\/v2\/tags?post=14801"}],"curies":[{"name":"wp","href":"https:\/\/api.w.org\/{rel}","templated":true}]}}