{"id":14696,"date":"2016-09-26T10:35:40","date_gmt":"2016-09-26T08:35:40","guid":{"rendered":"http:\/\/nydalen.idrett.no\/orientering\/?p=14696"},"modified":"2016-09-28T10:00:39","modified_gmt":"2016-09-28T08:00:39","slug":"jubel-pa-jaeren-gull-til-gutta-jr-nm-stafett-og-lukas-i-natt-nm","status":"publish","type":"post","link":"https:\/\/nydalen.idrett.no\/orientering\/2016\/09\/26\/jubel-pa-jaeren-gull-til-gutta-jr-nm-stafett-og-lukas-i-natt-nm\/","title":{"rendered":"Jubel p\u00e5 J\u00e6ren &#8211; gull til gutta i Jr-NM stafett og Lukas i natt-NM"},"content":{"rendered":"<p><img loading=\"lazy\" decoding=\"async\" class=\"alignnone wp-image-14697\" src=\"http:\/\/nydalen.idrett.no\/orientering\/wp-content\/uploads\/2016\/09\/Innspurten-500x334.jpg\" alt=\"innspurten\" width=\"265\" height=\"177\" srcset=\"https:\/\/nydalen.idrett.no\/orientering\/wp-content\/uploads\/2016\/09\/Innspurten-500x334.jpg 500w, https:\/\/nydalen.idrett.no\/orientering\/wp-content\/uploads\/2016\/09\/Innspurten-768x512.jpg 768w, https:\/\/nydalen.idrett.no\/orientering\/wp-content\/uploads\/2016\/09\/Innspurten-962x642.jpg 962w, https:\/\/nydalen.idrett.no\/orientering\/wp-content\/uploads\/2016\/09\/Innspurten.jpg 1280w\" sizes=\"auto, (max-width: 265px) 100vw, 265px\" \/> <img loading=\"lazy\" decoding=\"async\" class=\"alignnone wp-image-14699\" src=\"http:\/\/nydalen.idrett.no\/orientering\/wp-content\/uploads\/2016\/09\/Pall-natt-nm-500x375.jpg\" alt=\"pall-natt-nm\" width=\"245\" height=\"184\" srcset=\"https:\/\/nydalen.idrett.no\/orientering\/wp-content\/uploads\/2016\/09\/Pall-natt-nm-500x375.jpg 500w, https:\/\/nydalen.idrett.no\/orientering\/wp-content\/uploads\/2016\/09\/Pall-natt-nm-768x576.jpg 768w, https:\/\/nydalen.idrett.no\/orientering\/wp-content\/uploads\/2016\/09\/Pall-natt-nm.jpg 960w\" sizes=\"auto, (max-width: 245px) 100vw, 245px\" \/><\/p>\n<p><sup>Foto: Turid Arnesen<\/sup><\/p>\n<p>Sen fredagskveld i Siddisbyens S\u00f8rmarka innledet en ny helg med natt-NM, Norgescup og jr NM stafett. Stirikt og byn\u00e6rt uten for mange detaljer i kurvebildet gjorde det n\u00f8dvendig med b\u00e5de gass og brems i et hektisk l\u00f8p med lykter som passerte\u00a0p\u00e5 kryss og tvers.<\/p>\n<p><!--more--><\/p>\n<p>Anne Margrethe m\u00e5tte se pallen glippe etter noen bomturer, men ble nr 4. Treneren kom i m\u00e5l kritisk til egen prestasjon, men ble nr 5. Henrik leverte et meget godt l\u00f8p og kom inn til en sterk 5. i eldre junior. Bojan l\u00f8p godt, men fikk en ekstra hake n\u00e5r navposten i sommerfuglen skulle plukkes for tredje gang.\u00a0S\u00e5 var\u00a0h\u00e5pet p\u00e5 17-18 gutta. Elias og Lukas fikk til \u00e5pningen og var en og to p\u00e5 f\u00f8rste melde. De plukket s\u00e5 post etter post i det diffuse, men\u00a0tidvis raske terrenget. Elias fikk en sleng p\u00e5 16, men l\u00f8p inn flere av konkurrentene foran. Farten var h\u00f8y\u00a0og mot slutten kom s\u00e5 klyngebommen. Men Elias tok kommando og satte ny bestetid i m\u00e5l f\u00f8r Kasper Fosser kom halsende. Kasper hadde som vanlig holdt god\u00a0fart, men hadde l\u00f8pt nesten til siste post f\u00f8r han oppdaget at han ogs\u00e5 hadde en nest siste. Lukas hadde klart seg uten store bommer og sync trackingen viste han p\u00e5\u00a0l\u00f8ypas siste del\u00a0l\u00e5 rett bak. Lukas\u00a0og Gjermund som hadde kommet sammen presset hverandre\u00a0og gikk nesten i samme fella som Kasper, men ante etterhvert ur\u00e5d, fikk stoppet i tide og Lukas spurtet inn 10 sek foran! Hva skjedde n\u00e5? Lukas norgesmester! Elias bronse og\u00a0Gjermund 8.<\/p>\n<p>Sceneskifte til l\u00f8rdagens Norgescup mellomdistanse p\u00e5 Resafjell med \u00e5pent skurt fjell, kraftig kupering mettet med detaljer. Uvant for de fleste \u00f8stlendinger, men hjemmevant for andre. Anne Margrethe satte skapet ettertrykkelig p\u00e5 plass og fikk nesten f\u00f8lge p\u00e5 pallen\u00a0av Marte p\u00e5 4! Her er det tydeligvis mye potensiale med skadefri sesongforberedelse. Anine slapp for en gangs skyld en annen til \u00f8verst p\u00e5 pallen, men\u00a0tok en\u00a0god andreplass i eldre jr. Audun l\u00f8p\u00a0godt i O-idol utfordrer klassen og vant med flere minutter, noe som ville gitt 7.\u00a0i hovedklassen. Trener Anders og Eirik fikk hver sin niende og Bojan og \u00d8ystein\u00a0leverte sterke l\u00f8p med hhv 10. og 12.<\/p>\n<p>S\u00f8ndagen kom med frisk bris, sol og\u00a0grug\u00e6rne forventninger for juniorene som skulle l\u00f8pe stafett. Vi liker stafett. Uttalt m\u00e5lsetting fra S\u00f8ren var to lag blant topp 6. Borte i en krok ulmet nok en dr\u00f8m om noe enda mer, men det ble ikke sagt. Fossum og Halden med sine VM erfarne eldre juniorer m\u00e5tte v\u00e6re favoritter selv om kilometertidene fra l\u00f8p tidligere i \u00e5r viste at det var muligheter. Hagleskuddet gikk og\u00a0Audun, J\u00f8rgen og Lukas forsvant med feltet over n\u00e6rmeste knaus. Lukas p\u00e5 vei <strong>mot<\/strong> arena i omr\u00e5det ved f\u00f8rstepost ga et lite illevarsel, men toget p\u00e5 vei til fjerde som ogs\u00e5 kunne ses fra arena viste J\u00f8rgen langt framme og at Lukas hadde kontakt. Ved arenapassering og f\u00f8rste veksling var feltet blitt\u00a0en lang rekke\u00a0og v\u00e5re var med.\u00a0Fossum 3 fikk noen sekunders forsprang ved veksling,\u00a0men Eirik kunne l\u00f8pe ut som fjerdemann med Fossum 1 rett foran og Halden 1 rett bak. J\u00f8rgen leverte\u00a0og\u00a0ga Gjermund tidvis synshold til Eirik og Audun sendte Sam ut bare 1,5 min bak. Eirik hadde ikke overdreven respekt for de eldre l\u00f8perne og kom som nummer to til\u00a0 arenapassering. Eirik\u00a0husket seg opp kleivene fra arena og hadde los p\u00e5 Fossum 55 sek foran. Bak kom Halden, Kristiansand og NTNUI kravlende i det omvendte teateramfiet monsterbakken opp fra arena lagde. Inn til veksling var forspanget til Fossum kuttet ned til 31 sek da Elias fikk kartet med samme gafling som lederlagets merriterte Elias M\u00f8lnvik. Bak kom Halden med erfarne Haakon Raadal Bj\u00f8rlo og KOK med lettbeinte Dag Blandkjenn. Gjermund var ikke forn\u00f8yd med sin etappe, men klatret 3 plasser. Sam fulgte opp med et godt l\u00f8p og tok 6 plasser. Allerede p\u00e5 andrepost s\u00e5 v\u00e5r Elias den andre Elias bomme og kunne selv styre inn i posten og var dermed i tet, men fremdeles langt \u00e5 l\u00f8pe til m\u00e5l. Elias\u00a0holdt fart og fokus selv om det\u00a0begynte \u00e5 komme noen sm\u00e5sleiver inn mot\u00a0arenapassering. Men\u00a0det var\u00a0lag 10 som ble meldt f\u00f8rst! N\u00e5 slo gulldr\u00f8mmen gnister og danset p\u00e5 fjellveggene. Elias\u00a0kom\u00a0inn\u00a0i monsterbakken med halvminuttets ledelse\u00a0og\u00a0fant en god trase mellom blokker og kratt. Forf\u00f8lgerne slet seg oppover mens Elias f\u00f4r over toppen og s\u00e5 seg ikke tilbake.\u00a0Uvisst for alle p\u00e5 arena\u00a0fortsatte Elias \u00e5 plukke poster\u00a0like sikkert f\u00f8r han\u00a0s\u00e5 plutselig\u00a0kom\u00a0dundrende ned til neste arenapassering, og &#8211; det kom ingen andre &#8211;\u00a0alene i tet!\u00a0Gulldr\u00f8mmen vokste dermed\u00a0til et h\u00e5rete kjempetroll, men sju hundre meter og fem poster var fremdeles igjen. Ledelsen var imidlertid \u00f8kt til over minuttet og dette m\u00e5tte da bli gull?\u00a0Yes, yes, yess!!! En kjent lugg dukket f\u00f8rst opp over den siste knausen. Nydalens askeladder\u00a0tok gullet med hjem!<\/p>\n<p><span data-ft=\"{&quot;tn&quot;:&quot;K&quot;}\"><span class=\"UFICommentBody\">Henrik var greit forn\u00f8yd med sin sisteetappe og f\u00f8rte NSK2\u00a0inn til<!-- react-text: 347 --><!-- \/react-text --><!-- react-text: 350 --><!-- \/react-text -->\u00a012. plass og Jostein leverte nok et godt l\u00f8p for helga og sikret 17. for NSK3\u00a0og dermed innenfor beste 1\/3 med alle!<\/span><\/span><\/p>\n<p>Det lugget litt for jentelaget med Ingvil p\u00e5 f\u00f8rste, men <!-- react-text: 362 --><!-- \/react-text -->Ragne\u00a0matchet juniorene og hadde \u00e5ttende beste etappetid, mens\u00a0Anine\u00a0vant sisteetappen og dermed\u00a0ble det en\u00a0meget god 6. plass og\u00a0S\u00f8rens m\u00e5lsetting var reddet.<\/p>\n<p>Takk til Turid Arnesen, By\u00e5sen\u00a0for fine bilder!<\/p>\n<p><img loading=\"lazy\" decoding=\"async\" class=\"alignnone size-medium wp-image-14732\" src=\"http:\/\/nydalen.idrett.no\/orientering\/wp-content\/uploads\/2016\/09\/Innspurten-h\u00f8yoppl\u00f8sning-500x333.jpg\" alt=\"innspurten-hoyopplosning\" width=\"500\" height=\"333\" srcset=\"https:\/\/nydalen.idrett.no\/orientering\/wp-content\/uploads\/2016\/09\/Innspurten-h\u00f8yoppl\u00f8sning-500x333.jpg 500w, https:\/\/nydalen.idrett.no\/orientering\/wp-content\/uploads\/2016\/09\/Innspurten-h\u00f8yoppl\u00f8sning-768x512.jpg 768w, https:\/\/nydalen.idrett.no\/orientering\/wp-content\/uploads\/2016\/09\/Innspurten-h\u00f8yoppl\u00f8sning-962x641.jpg 962w\" sizes=\"auto, (max-width: 500px) 100vw, 500px\" \/>\u00a0Vi liker stafett!\u00a0\u00a0\u00a0 <sup>Foto: \u00a0Turid Arnesen<\/sup><\/p>\n<p>&nbsp;<\/p>\n<p><img loading=\"lazy\" decoding=\"async\" class=\"alignnone size-medium wp-image-14730\" src=\"http:\/\/nydalen.idrett.no\/orientering\/wp-content\/uploads\/2016\/09\/NM-jr-stafett-lagbilde-500x333.jpg\" alt=\"nm-jr-stafett-lagbilde\" width=\"500\" height=\"333\" srcset=\"https:\/\/nydalen.idrett.no\/orientering\/wp-content\/uploads\/2016\/09\/NM-jr-stafett-lagbilde-500x333.jpg 500w, https:\/\/nydalen.idrett.no\/orientering\/wp-content\/uploads\/2016\/09\/NM-jr-stafett-lagbilde-768x512.jpg 768w, https:\/\/nydalen.idrett.no\/orientering\/wp-content\/uploads\/2016\/09\/NM-jr-stafett-lagbilde-962x641.jpg 962w\" sizes=\"auto, (max-width: 500px) 100vw, 500px\" \/>\u00a0Herlig gjeng!\u00a0\u00a0\u00a0\u00a0\u00a0\u00a0 <sup>Foto: Turid Arnesen<\/sup><\/p>\n<p><img loading=\"lazy\" decoding=\"async\" class=\"alignnone size-medium wp-image-14699\" src=\"http:\/\/nydalen.idrett.no\/orientering\/wp-content\/uploads\/2016\/09\/Pall-natt-nm-500x375.jpg\" alt=\"pall-natt-nm\" width=\"500\" height=\"375\" srcset=\"https:\/\/nydalen.idrett.no\/orientering\/wp-content\/uploads\/2016\/09\/Pall-natt-nm-500x375.jpg 500w, https:\/\/nydalen.idrett.no\/orientering\/wp-content\/uploads\/2016\/09\/Pall-natt-nm-768x576.jpg 768w, https:\/\/nydalen.idrett.no\/orientering\/wp-content\/uploads\/2016\/09\/Pall-natt-nm.jpg 960w\" sizes=\"auto, (max-width: 500px) 100vw, 500px\" \/><\/p>\n<p>Pallen i H 17-18 Kasper s\u00f8lv, Lukas gull, Elias bronse<\/p>\n<p><img loading=\"lazy\" decoding=\"async\" class=\"alignnone size-medium wp-image-14700\" src=\"http:\/\/nydalen.idrett.no\/orientering\/wp-content\/uploads\/2016\/09\/Pall-NC-500x375.jpg\" alt=\"pall-nc\" width=\"500\" height=\"375\" srcset=\"https:\/\/nydalen.idrett.no\/orientering\/wp-content\/uploads\/2016\/09\/Pall-NC-500x375.jpg 500w, https:\/\/nydalen.idrett.no\/orientering\/wp-content\/uploads\/2016\/09\/Pall-NC-768x576.jpg 768w, https:\/\/nydalen.idrett.no\/orientering\/wp-content\/uploads\/2016\/09\/Pall-NC.jpg 960w\" sizes=\"auto, (max-width: 500px) 100vw, 500px\" \/><\/p>\n<p>Anne Margrethe vant Norgescupl\u00f8pet, Marte p\u00e5 fjerde!<\/p>\n<p><img loading=\"lazy\" decoding=\"async\" class=\"alignnone size-medium wp-image-14701\" src=\"http:\/\/nydalen.idrett.no\/orientering\/wp-content\/uploads\/2016\/09\/Pallen-500x334.jpg\" alt=\"pallen\" width=\"500\" height=\"334\" srcset=\"https:\/\/nydalen.idrett.no\/orientering\/wp-content\/uploads\/2016\/09\/Pallen-500x334.jpg 500w, https:\/\/nydalen.idrett.no\/orientering\/wp-content\/uploads\/2016\/09\/Pallen-768x512.jpg 768w, https:\/\/nydalen.idrett.no\/orientering\/wp-content\/uploads\/2016\/09\/Pallen-962x642.jpg 962w, https:\/\/nydalen.idrett.no\/orientering\/wp-content\/uploads\/2016\/09\/Pallen.jpg 1280w\" sizes=\"auto, (max-width: 500px) 100vw, 500px\" \/><\/p>\n<p><sup>Foto: Turid Arnesen<\/sup><\/p>\n<p><img loading=\"lazy\" decoding=\"async\" class=\"alignnone size-medium wp-image-14702\" src=\"http:\/\/nydalen.idrett.no\/orientering\/wp-content\/uploads\/2016\/09\/Sittende-pallen-500x334.jpg\" alt=\"sittende-pallen\" width=\"500\" height=\"334\" srcset=\"https:\/\/nydalen.idrett.no\/orientering\/wp-content\/uploads\/2016\/09\/Sittende-pallen-500x334.jpg 500w, https:\/\/nydalen.idrett.no\/orientering\/wp-content\/uploads\/2016\/09\/Sittende-pallen-768x512.jpg 768w, https:\/\/nydalen.idrett.no\/orientering\/wp-content\/uploads\/2016\/09\/Sittende-pallen-962x642.jpg 962w, https:\/\/nydalen.idrett.no\/orientering\/wp-content\/uploads\/2016\/09\/Sittende-pallen.jpg 1280w\" sizes=\"auto, (max-width: 500px) 100vw, 500px\" \/><\/p>\n<p><sup>Foto: Turid Arnesen<\/sup><\/p>\n<p><img loading=\"lazy\" decoding=\"async\" class=\"alignnone size-medium wp-image-14703\" src=\"http:\/\/nydalen.idrett.no\/orientering\/wp-content\/uploads\/2016\/09\/Anine-2-pl-NC-500x375.jpg\" alt=\"anine-2-pl-nc\" width=\"500\" height=\"375\" srcset=\"https:\/\/nydalen.idrett.no\/orientering\/wp-content\/uploads\/2016\/09\/Anine-2-pl-NC-500x375.jpg 500w, https:\/\/nydalen.idrett.no\/orientering\/wp-content\/uploads\/2016\/09\/Anine-2-pl-NC-768x576.jpg 768w, https:\/\/nydalen.idrett.no\/orientering\/wp-content\/uploads\/2016\/09\/Anine-2-pl-NC.jpg 960w\" sizes=\"auto, (max-width: 500px) 100vw, 500px\" \/><\/p>\n<p>Anine pr\u00f8ver ut ene siden av pallen.<\/p>\n<p><img loading=\"lazy\" decoding=\"async\" class=\"alignnone size-medium wp-image-14704\" src=\"http:\/\/nydalen.idrett.no\/orientering\/wp-content\/uploads\/2016\/09\/Forberedelser-startmannskap-500x375.jpg\" alt=\"forberedelser-startmannskap\" width=\"500\" height=\"375\" srcset=\"https:\/\/nydalen.idrett.no\/orientering\/wp-content\/uploads\/2016\/09\/Forberedelser-startmannskap-500x375.jpg 500w, https:\/\/nydalen.idrett.no\/orientering\/wp-content\/uploads\/2016\/09\/Forberedelser-startmannskap-768x576.jpg 768w, https:\/\/nydalen.idrett.no\/orientering\/wp-content\/uploads\/2016\/09\/Forberedelser-startmannskap.jpg 960w\" sizes=\"auto, (max-width: 500px) 100vw, 500px\" \/><\/p>\n<p>F\u00f8r det smeller: Forberedelser for f\u00f8rsteetappel\u00f8perne<\/p>\n<p>&nbsp;<\/p>\n<p>&nbsp;<\/p>\n","protected":false},"excerpt":{"rendered":"<p>Foto: Turid Arnesen Sen fredagskveld i Siddisbyens S\u00f8rmarka innledet en ny helg med natt-NM, Norgescup og jr NM stafett. Stirikt og byn\u00e6rt uten for mange detaljer i kurvebildet gjorde det n\u00f8dvendig med b\u00e5de gass og brems i et hektisk l\u00f8p &hellip; <a class=\"more-link\" href=\"https:\/\/nydalen.idrett.no\/orientering\/2016\/09\/26\/jubel-pa-jaeren-gull-til-gutta-jr-nm-stafett-og-lukas-i-natt-nm\/\">Les videre <span class=\"meta-nav\">&rarr;<\/span><\/a><\/p>\n","protected":false},"author":41,"featured_media":0,"comment_status":"open","ping_status":"closed","sticky":false,"template":"","format":"standard","meta":{"footnotes":""},"categories":[4,41,6,10],"tags":[],"class_list":["post-14696","post","type-post","status-publish","format-standard","hentry","category-elite","category-nm","category-sosialt","category-sportslig"],"_links":{"self":[{"href":"https:\/\/nydalen.idrett.no\/orientering\/wp-json\/wp\/v2\/posts\/14696","targetHints":{"allow":["GET"]}}],"collection":[{"href":"https:\/\/nydalen.idrett.no\/orientering\/wp-json\/wp\/v2\/posts"}],"about":[{"href":"https:\/\/nydalen.idrett.no\/orientering\/wp-json\/wp\/v2\/types\/post"}],"author":[{"embeddable":true,"href":"https:\/\/nydalen.idrett.no\/orientering\/wp-json\/wp\/v2\/users\/41"}],"replies":[{"embeddable":true,"href":"https:\/\/nydalen.idrett.no\/orientering\/wp-json\/wp\/v2\/comments?post=14696"}],"version-history":[{"count":19,"href":"https:\/\/nydalen.idrett.no\/orientering\/wp-json\/wp\/v2\/posts\/14696\/revisions"}],"predecessor-version":[{"id":14733,"href":"https:\/\/nydalen.idrett.no\/orientering\/wp-json\/wp\/v2\/posts\/14696\/revisions\/14733"}],"wp:attachment":[{"href":"https:\/\/nydalen.idrett.no\/orientering\/wp-json\/wp\/v2\/media?parent=14696"}],"wp:term":[{"taxonomy":"category","embeddable":true,"href":"https:\/\/nydalen.idrett.no\/orientering\/wp-json\/wp\/v2\/categories?post=14696"},{"taxonomy":"post_tag","embeddable":true,"href":"https:\/\/nydalen.idrett.no\/orientering\/wp-json\/wp\/v2\/tags?post=14696"}],"curies":[{"name":"wp","href":"https:\/\/api.w.org\/{rel}","templated":true}]}}