{"id":14532,"date":"2016-08-15T15:06:33","date_gmt":"2016-08-15T13:06:33","guid":{"rendered":"http:\/\/nydalen.idrett.no\/orientering\/?p=14532"},"modified":"2016-08-15T15:07:24","modified_gmt":"2016-08-15T13:07:24","slug":"seier-i-night-hawk","status":"publish","type":"post","link":"https:\/\/nydalen.idrett.no\/orientering\/2016\/08\/15\/seier-i-night-hawk\/","title":{"rendered":"Seier i Night Hawk!"},"content":{"rendered":"<p>Norges svar p\u00e5 Tio og Jukola, Night Hawk,\u00a0er en real kick-start p\u00e5 h\u00f8stsesongen. Enn\u00e5 ikke like stort i antall lag som sine st\u00f8rebr\u00f8dre i \u00f8st, men konkurransen er t\u00f8ff og med flere av de aller beste lagene fra\u00a0Norge, Sverige og Finland\u00a0p\u00e5 startstreken.\u00a0 V\u00e5rt f\u00f8rstelag blant herrene l\u00f8p som maskiner b\u00e5de natt og dag og tok en overlegen og\u00a0velfortjent\u00a0seier.<\/p>\n<p><img loading=\"lazy\" decoding=\"async\" class=\"size-medium wp-image-14535\" src=\"http:\/\/nydalen.idrett.no\/orientering\/wp-content\/uploads\/2016\/08\/NH-2016-500x281.jpg\" alt=\"Lett \u00e5 trives p\u00e5 toppen av pallen!\" width=\"500\" height=\"281\" srcset=\"https:\/\/nydalen.idrett.no\/orientering\/wp-content\/uploads\/2016\/08\/NH-2016-500x281.jpg 500w, https:\/\/nydalen.idrett.no\/orientering\/wp-content\/uploads\/2016\/08\/NH-2016-768x432.jpg 768w, https:\/\/nydalen.idrett.no\/orientering\/wp-content\/uploads\/2016\/08\/NH-2016-962x541.jpg 962w\" sizes=\"auto, (max-width: 500px) 100vw, 500px\" \/><\/p>\n<p><!--more-->Arena for \u00e5rets utgave av Night Hawk\u00a0var\u00a0i sv\u00e6rt reisevennlig avstand fra Nydalsland, p\u00e5 sletta i Linderudkollen. Omr\u00e5det hadde v\u00e6rt sperret i en periode, men vi visste jo hva som ventet oss &#8211; t\u00f8ffe l\u00f8yper i et kupert og variert terreng. Og ikke minst god stemning og mye gratis snacks til alle p\u00e5 arena.<\/p>\n<p>Starten p\u00e5 Night Hawk er et ganske imponerende syn, i og med at fire etapper skal ut samtidig (tre for damene). Og det var herrelaget v\u00e5rt som i \u00e5r sto for den virkelig store prestasjonen. Solid og stabil nattl\u00f8ping av b\u00e5de H\u00e5vard, Anders\u00a0Vister, Anders trener og \u00d8ystein s\u00f8rget for en klar ledelse p\u00e5 over \u00e5tte minutter etter natten. En ledelse som Eirik tok godt vare p\u00e5 under sin 5. etappe, og som Anders V, \u00d8ystein og H\u00e5vard beholdt med god margin inn i m\u00e5l. Det var vel nesten ikke spennende engang, slik gutta l\u00f8p, og dette rett i etterkant av en t\u00f8ff samling i \u00d8sterdalen. En velfortjent seier &#8211; og ikke minst et resultat av at disse gutta trener sammen og pusher hverandre til hverdags. Det siste betyr mer enn mange tror.<\/p>\n<p>Flott innsats av 2. laget ogs\u00e5, med Elias, Terence, P\u00d8S, Sindre og Sverre, som kom inn p\u00e5 en 8. plass. De holdt farten til 1. laget gjennom dagetappene.<\/p>\n<p>Damelaget v\u00e5rt fikk en litt tung start i m\u00f8rket, men l\u00f8p seg mye oppover p\u00e5 listene og endte p\u00e5 4. plass til slutt. P\u00e5 laget l\u00f8p Ragne, Anine, Malin og Anne Margrethe, der sistnevntes ankeretappe\u00a0gikk bra unna.\u00a0 VM neste!<\/p>\n<p>NSK hadde flere lag i ungdomsklassene ogs\u00e5. Her ble det 4. plass til Kornelius og Audun, mens 2. laget med Isak og Ole Jakob kom p\u00e5 plassen bak. Og s\u00e5 vant vi selvsagt veteranklassen for damer!<\/p>\n<p>En god helg for Nydarn<\/p>\n<p>&nbsp;<\/p>\n<p>&nbsp;<\/p>\n<p>&nbsp;<\/p>\n<p><!--more--><\/p>\n","protected":false},"excerpt":{"rendered":"<p>Norges svar p\u00e5 Tio og Jukola, Night Hawk,\u00a0er en real kick-start p\u00e5 h\u00f8stsesongen. Enn\u00e5 ikke like stort i antall lag som sine st\u00f8rebr\u00f8dre i \u00f8st, men konkurransen er t\u00f8ff og med flere av de aller beste lagene fra\u00a0Norge, Sverige og &hellip; <a class=\"more-link\" href=\"https:\/\/nydalen.idrett.no\/orientering\/2016\/08\/15\/seier-i-night-hawk\/\">Les videre <span class=\"meta-nav\">&rarr;<\/span><\/a><\/p>\n","protected":false},"author":12,"featured_media":0,"comment_status":"open","ping_status":"closed","sticky":false,"template":"","format":"standard","meta":{"footnotes":""},"categories":[4,10,20,48],"tags":[],"class_list":["post-14532","post","type-post","status-publish","format-standard","hentry","category-elite","category-sportslig","category-ungdom-13-16-ar","category-veteraner"],"_links":{"self":[{"href":"https:\/\/nydalen.idrett.no\/orientering\/wp-json\/wp\/v2\/posts\/14532","targetHints":{"allow":["GET"]}}],"collection":[{"href":"https:\/\/nydalen.idrett.no\/orientering\/wp-json\/wp\/v2\/posts"}],"about":[{"href":"https:\/\/nydalen.idrett.no\/orientering\/wp-json\/wp\/v2\/types\/post"}],"author":[{"embeddable":true,"href":"https:\/\/nydalen.idrett.no\/orientering\/wp-json\/wp\/v2\/users\/12"}],"replies":[{"embeddable":true,"href":"https:\/\/nydalen.idrett.no\/orientering\/wp-json\/wp\/v2\/comments?post=14532"}],"version-history":[{"count":9,"href":"https:\/\/nydalen.idrett.no\/orientering\/wp-json\/wp\/v2\/posts\/14532\/revisions"}],"predecessor-version":[{"id":14550,"href":"https:\/\/nydalen.idrett.no\/orientering\/wp-json\/wp\/v2\/posts\/14532\/revisions\/14550"}],"wp:attachment":[{"href":"https:\/\/nydalen.idrett.no\/orientering\/wp-json\/wp\/v2\/media?parent=14532"}],"wp:term":[{"taxonomy":"category","embeddable":true,"href":"https:\/\/nydalen.idrett.no\/orientering\/wp-json\/wp\/v2\/categories?post=14532"},{"taxonomy":"post_tag","embeddable":true,"href":"https:\/\/nydalen.idrett.no\/orientering\/wp-json\/wp\/v2\/tags?post=14532"}],"curies":[{"name":"wp","href":"https:\/\/api.w.org\/{rel}","templated":true}]}}