{"id":14388,"date":"2016-06-30T20:54:02","date_gmt":"2016-06-30T18:54:02","guid":{"rendered":"http:\/\/nydalen.idrett.no\/orientering\/?p=14388"},"modified":"2016-06-30T20:54:02","modified_gmt":"2016-06-30T18:54:02","slug":"ungdomssamling-etter-o-festivalen","status":"publish","type":"post","link":"https:\/\/nydalen.idrett.no\/orientering\/2016\/06\/30\/ungdomssamling-etter-o-festivalen\/","title":{"rendered":"Ungdomssamling etter O-festivalen"},"content":{"rendered":"<p>Mange ungdom fra Nydalen har v\u00e6rt p\u00e5 samling etter O-festivalen. Vi har hatt fem fine \u00f8kter, fire av de p\u00e5 ganske gamle kart, i HL relevant terreng. Terrenget var litt annerledes en det vi er vant til, det hadde blant annet mye bregner.\u00a0 Det var ikke dekning p\u00e5 hytta s\u00e5 folk m\u00e5tte finne p\u00e5 noe annet \u00e5 gj\u00f8re. Det ble en del mafia spill og fotball EM titting. M\u00e5ltidene m\u00e5tte vi lage selv s\u00e5 de ble selvf\u00f8lgelig av varierende kvalitet (spesielt bulgar hveten og den nesten kokte risen gikk rett ned). P\u00e5 tirsdag fikk vi bes\u00f8k fra Hordaland o-krets, Konnerud og Fossum. Vi hadde felles trening med dem. De andre klubbene grillet mat den dagen, mens Nydalen hadde laks til middag\u2026<\/p>\n<p><img loading=\"lazy\" decoding=\"async\" class=\"alignnone size-medium wp-image-14389\" src=\"http:\/\/nydalen.idrett.no\/orientering\/wp-content\/uploads\/2016\/06\/DSC04435-500x281.jpg\" alt=\"DSC04435\" width=\"500\" height=\"281\" srcset=\"https:\/\/nydalen.idrett.no\/orientering\/wp-content\/uploads\/2016\/06\/DSC04435-500x281.jpg 500w, https:\/\/nydalen.idrett.no\/orientering\/wp-content\/uploads\/2016\/06\/DSC04435-768x432.jpg 768w, https:\/\/nydalen.idrett.no\/orientering\/wp-content\/uploads\/2016\/06\/DSC04435-962x541.jpg 962w, https:\/\/nydalen.idrett.no\/orientering\/wp-content\/uploads\/2016\/06\/DSC04435.jpg 1920w\" sizes=\"auto, (max-width: 500px) 100vw, 500px\" \/><\/p>\n<p>P\u00e5 onsdag var det nok mange som var slitne etter tre dager med o-festival og hyggelig samling. Tror det var flere som gledet seg til \u00e5 bare slappe av n\u00e5r de kom hjem.\u00a0 Takk til alle lederne som var med og en spesiell takk til de to fantastiske trenerne v\u00e5re Bojan og Sondre for en fin samling.<\/p>\n<p>Skrevet av Audun og Gaute<\/p>\n<p><!--more--> <img loading=\"lazy\" decoding=\"async\" class=\"alignnone size-medium wp-image-14390\" src=\"http:\/\/nydalen.idrett.no\/orientering\/wp-content\/uploads\/2016\/06\/DSC04437-500x281.jpg\" alt=\"DSC04437\" width=\"500\" height=\"281\" srcset=\"https:\/\/nydalen.idrett.no\/orientering\/wp-content\/uploads\/2016\/06\/DSC04437-500x281.jpg 500w, https:\/\/nydalen.idrett.no\/orientering\/wp-content\/uploads\/2016\/06\/DSC04437-768x432.jpg 768w, https:\/\/nydalen.idrett.no\/orientering\/wp-content\/uploads\/2016\/06\/DSC04437-962x541.jpg 962w, https:\/\/nydalen.idrett.no\/orientering\/wp-content\/uploads\/2016\/06\/DSC04437.jpg 1920w\" sizes=\"auto, (max-width: 500px) 100vw, 500px\" \/> <img loading=\"lazy\" decoding=\"async\" class=\"alignnone size-medium wp-image-14391\" src=\"http:\/\/nydalen.idrett.no\/orientering\/wp-content\/uploads\/2016\/06\/DSC04438-500x281.jpg\" alt=\"DSC04438\" width=\"500\" height=\"281\" srcset=\"https:\/\/nydalen.idrett.no\/orientering\/wp-content\/uploads\/2016\/06\/DSC04438-500x281.jpg 500w, https:\/\/nydalen.idrett.no\/orientering\/wp-content\/uploads\/2016\/06\/DSC04438-768x432.jpg 768w, https:\/\/nydalen.idrett.no\/orientering\/wp-content\/uploads\/2016\/06\/DSC04438-962x541.jpg 962w, https:\/\/nydalen.idrett.no\/orientering\/wp-content\/uploads\/2016\/06\/DSC04438.jpg 1920w\" sizes=\"auto, (max-width: 500px) 100vw, 500px\" \/> <img loading=\"lazy\" decoding=\"async\" class=\"alignnone size-medium wp-image-14392\" src=\"http:\/\/nydalen.idrett.no\/orientering\/wp-content\/uploads\/2016\/06\/DSC04439-500x281.jpg\" alt=\"DSC04439\" width=\"500\" height=\"281\" srcset=\"https:\/\/nydalen.idrett.no\/orientering\/wp-content\/uploads\/2016\/06\/DSC04439-500x281.jpg 500w, https:\/\/nydalen.idrett.no\/orientering\/wp-content\/uploads\/2016\/06\/DSC04439-768x432.jpg 768w, https:\/\/nydalen.idrett.no\/orientering\/wp-content\/uploads\/2016\/06\/DSC04439-962x541.jpg 962w, https:\/\/nydalen.idrett.no\/orientering\/wp-content\/uploads\/2016\/06\/DSC04439.jpg 1920w\" sizes=\"auto, (max-width: 500px) 100vw, 500px\" \/> <img loading=\"lazy\" decoding=\"async\" class=\"alignnone size-medium wp-image-14393\" src=\"http:\/\/nydalen.idrett.no\/orientering\/wp-content\/uploads\/2016\/06\/DSC04442-500x281.jpg\" alt=\"DSC04442\" width=\"500\" height=\"281\" srcset=\"https:\/\/nydalen.idrett.no\/orientering\/wp-content\/uploads\/2016\/06\/DSC04442-500x281.jpg 500w, https:\/\/nydalen.idrett.no\/orientering\/wp-content\/uploads\/2016\/06\/DSC04442-768x432.jpg 768w, https:\/\/nydalen.idrett.no\/orientering\/wp-content\/uploads\/2016\/06\/DSC04442-962x541.jpg 962w, https:\/\/nydalen.idrett.no\/orientering\/wp-content\/uploads\/2016\/06\/DSC04442.jpg 1920w\" sizes=\"auto, (max-width: 500px) 100vw, 500px\" \/> <img loading=\"lazy\" decoding=\"async\" class=\"alignnone size-medium wp-image-14394\" src=\"http:\/\/nydalen.idrett.no\/orientering\/wp-content\/uploads\/2016\/06\/DSC04448-500x281.jpg\" alt=\"DSC04448\" width=\"500\" height=\"281\" srcset=\"https:\/\/nydalen.idrett.no\/orientering\/wp-content\/uploads\/2016\/06\/DSC04448-500x281.jpg 500w, https:\/\/nydalen.idrett.no\/orientering\/wp-content\/uploads\/2016\/06\/DSC04448-768x432.jpg 768w, https:\/\/nydalen.idrett.no\/orientering\/wp-content\/uploads\/2016\/06\/DSC04448-962x541.jpg 962w, https:\/\/nydalen.idrett.no\/orientering\/wp-content\/uploads\/2016\/06\/DSC04448.jpg 1920w\" sizes=\"auto, (max-width: 500px) 100vw, 500px\" \/> <img loading=\"lazy\" decoding=\"async\" class=\"alignnone size-medium wp-image-14395\" src=\"http:\/\/nydalen.idrett.no\/orientering\/wp-content\/uploads\/2016\/06\/DSC04450-500x281.jpg\" alt=\"DSC04450\" width=\"500\" height=\"281\" srcset=\"https:\/\/nydalen.idrett.no\/orientering\/wp-content\/uploads\/2016\/06\/DSC04450-500x281.jpg 500w, https:\/\/nydalen.idrett.no\/orientering\/wp-content\/uploads\/2016\/06\/DSC04450-768x432.jpg 768w, https:\/\/nydalen.idrett.no\/orientering\/wp-content\/uploads\/2016\/06\/DSC04450-962x541.jpg 962w, https:\/\/nydalen.idrett.no\/orientering\/wp-content\/uploads\/2016\/06\/DSC04450.jpg 1920w\" sizes=\"auto, (max-width: 500px) 100vw, 500px\" \/> <img loading=\"lazy\" decoding=\"async\" class=\"alignnone size-medium wp-image-14396\" src=\"http:\/\/nydalen.idrett.no\/orientering\/wp-content\/uploads\/2016\/06\/DSC04457-500x281.jpg\" alt=\"DSC04457\" width=\"500\" height=\"281\" srcset=\"https:\/\/nydalen.idrett.no\/orientering\/wp-content\/uploads\/2016\/06\/DSC04457-500x281.jpg 500w, https:\/\/nydalen.idrett.no\/orientering\/wp-content\/uploads\/2016\/06\/DSC04457-768x432.jpg 768w, https:\/\/nydalen.idrett.no\/orientering\/wp-content\/uploads\/2016\/06\/DSC04457-962x541.jpg 962w, https:\/\/nydalen.idrett.no\/orientering\/wp-content\/uploads\/2016\/06\/DSC04457.jpg 1920w\" sizes=\"auto, (max-width: 500px) 100vw, 500px\" \/><\/p>\n<p>&nbsp;<\/p>\n","protected":false},"excerpt":{"rendered":"<p>Mange ungdom fra Nydalen har v\u00e6rt p\u00e5 samling etter O-festivalen. Vi har hatt fem fine \u00f8kter, fire av de p\u00e5 ganske gamle kart, i HL relevant terreng. Terrenget var litt annerledes en det vi er vant til, det hadde blant &hellip; <a class=\"more-link\" href=\"https:\/\/nydalen.idrett.no\/orientering\/2016\/06\/30\/ungdomssamling-etter-o-festivalen\/\">Les videre <span class=\"meta-nav\">&rarr;<\/span><\/a><\/p>\n","protected":false},"author":30,"featured_media":0,"comment_status":"open","ping_status":"closed","sticky":false,"template":"","format":"standard","meta":{"footnotes":""},"categories":[20],"tags":[],"class_list":["post-14388","post","type-post","status-publish","format-standard","hentry","category-ungdom-13-16-ar"],"_links":{"self":[{"href":"https:\/\/nydalen.idrett.no\/orientering\/wp-json\/wp\/v2\/posts\/14388","targetHints":{"allow":["GET"]}}],"collection":[{"href":"https:\/\/nydalen.idrett.no\/orientering\/wp-json\/wp\/v2\/posts"}],"about":[{"href":"https:\/\/nydalen.idrett.no\/orientering\/wp-json\/wp\/v2\/types\/post"}],"author":[{"embeddable":true,"href":"https:\/\/nydalen.idrett.no\/orientering\/wp-json\/wp\/v2\/users\/30"}],"replies":[{"embeddable":true,"href":"https:\/\/nydalen.idrett.no\/orientering\/wp-json\/wp\/v2\/comments?post=14388"}],"version-history":[{"count":1,"href":"https:\/\/nydalen.idrett.no\/orientering\/wp-json\/wp\/v2\/posts\/14388\/revisions"}],"predecessor-version":[{"id":14397,"href":"https:\/\/nydalen.idrett.no\/orientering\/wp-json\/wp\/v2\/posts\/14388\/revisions\/14397"}],"wp:attachment":[{"href":"https:\/\/nydalen.idrett.no\/orientering\/wp-json\/wp\/v2\/media?parent=14388"}],"wp:term":[{"taxonomy":"category","embeddable":true,"href":"https:\/\/nydalen.idrett.no\/orientering\/wp-json\/wp\/v2\/categories?post=14388"},{"taxonomy":"post_tag","embeddable":true,"href":"https:\/\/nydalen.idrett.no\/orientering\/wp-json\/wp\/v2\/tags?post=14388"}],"curies":[{"name":"wp","href":"https:\/\/api.w.org\/{rel}","templated":true}]}}