{"id":14249,"date":"2016-05-25T22:36:45","date_gmt":"2016-05-25T20:36:45","guid":{"rendered":"http:\/\/nydalen.idrett.no\/orientering\/?p=14249"},"modified":"2016-05-29T14:51:55","modified_gmt":"2016-05-29T12:51:55","slug":"klart-for-grefsenkollen-opp-2016","status":"publish","type":"post","link":"https:\/\/nydalen.idrett.no\/orientering\/2016\/05\/25\/klart-for-grefsenkollen-opp-2016\/","title":{"rendered":"Grefsenkollen Opp 2016"},"content":{"rendered":"<p>Den 9. utgaven ble arrangert \u00a0l\u00f8rdag 28. mai. Det ble en str\u00e5lende dag i Muselunden, i bakken og p\u00e5 Grefsenkollen! For f\u00f8rste gang passerte vi <strong>500 deltakere<\/strong> !<br \/>\n<a href=\"http:\/\/nydalen.idrett.no\/orientering\/wp-content\/uploads\/2016\/05\/IBakken575.jpg\" rel=\"attachment wp-att-14252\"><img loading=\"lazy\" decoding=\"async\" class=\"alignnone size-full wp-image-14252\" src=\"http:\/\/nydalen.idrett.no\/orientering\/wp-content\/uploads\/2016\/05\/IBakken575.jpg\" alt=\"IBakken575\" width=\"575\" height=\"400\" srcset=\"https:\/\/nydalen.idrett.no\/orientering\/wp-content\/uploads\/2016\/05\/IBakken575.jpg 575w, https:\/\/nydalen.idrett.no\/orientering\/wp-content\/uploads\/2016\/05\/IBakken575-500x348.jpg 500w\" sizes=\"auto, (max-width: 575px) 100vw, 575px\" \/><br \/>\n<\/a>Stor takk til alle funksjon\u00e6rer og til alle l\u00f8pernee !<\/p>\n<p><a href=\"https:\/\/live.eqtiming.no\/23625\">Resultater\u00a0<\/a>\u00a0 og mange <a href=\"https:\/\/www.facebook.com\/media\/set\/?set=a.638866182928277.1073741829.173817729433127&amp;type=3\">arrang\u00f8rfoto<\/a> (Foto: Lars EN og Sindre L)<br \/>\nLes mer om \u00e5rets bakkel\u00f8p p\u00e5 \u00a0<a href=\"http:\/\/www.grefsenkollenopp.no\/\">www.grefsenkollenopp.no<\/a><\/p>\n","protected":false},"excerpt":{"rendered":"<p>Den 9. utgaven ble arrangert \u00a0l\u00f8rdag 28. mai. Det ble en str\u00e5lende dag i Muselunden, i bakken og p\u00e5 Grefsenkollen! For f\u00f8rste gang passerte vi 500 deltakere ! Stor takk til alle funksjon\u00e6rer og til alle l\u00f8pernee ! Resultater\u00a0\u00a0 og &hellip; <a class=\"more-link\" href=\"https:\/\/nydalen.idrett.no\/orientering\/2016\/05\/25\/klart-for-grefsenkollen-opp-2016\/\">Les videre <span class=\"meta-nav\">&rarr;<\/span><\/a><\/p>\n","protected":false},"author":4,"featured_media":0,"comment_status":"open","ping_status":"closed","sticky":false,"template":"","format":"standard","meta":{"footnotes":""},"categories":[7,6],"tags":[],"class_list":["post-14249","post","type-post","status-publish","format-standard","hentry","category-administrativt","category-sosialt"],"_links":{"self":[{"href":"https:\/\/nydalen.idrett.no\/orientering\/wp-json\/wp\/v2\/posts\/14249","targetHints":{"allow":["GET"]}}],"collection":[{"href":"https:\/\/nydalen.idrett.no\/orientering\/wp-json\/wp\/v2\/posts"}],"about":[{"href":"https:\/\/nydalen.idrett.no\/orientering\/wp-json\/wp\/v2\/types\/post"}],"author":[{"embeddable":true,"href":"https:\/\/nydalen.idrett.no\/orientering\/wp-json\/wp\/v2\/users\/4"}],"replies":[{"embeddable":true,"href":"https:\/\/nydalen.idrett.no\/orientering\/wp-json\/wp\/v2\/comments?post=14249"}],"version-history":[{"count":5,"href":"https:\/\/nydalen.idrett.no\/orientering\/wp-json\/wp\/v2\/posts\/14249\/revisions"}],"predecessor-version":[{"id":14257,"href":"https:\/\/nydalen.idrett.no\/orientering\/wp-json\/wp\/v2\/posts\/14249\/revisions\/14257"}],"wp:attachment":[{"href":"https:\/\/nydalen.idrett.no\/orientering\/wp-json\/wp\/v2\/media?parent=14249"}],"wp:term":[{"taxonomy":"category","embeddable":true,"href":"https:\/\/nydalen.idrett.no\/orientering\/wp-json\/wp\/v2\/categories?post=14249"},{"taxonomy":"post_tag","embeddable":true,"href":"https:\/\/nydalen.idrett.no\/orientering\/wp-json\/wp\/v2\/tags?post=14249"}],"curies":[{"name":"wp","href":"https:\/\/api.w.org\/{rel}","templated":true}]}}