{"id":14164,"date":"2016-05-09T21:40:23","date_gmt":"2016-05-09T19:40:23","guid":{"rendered":"http:\/\/nydalen.idrett.no\/orientering\/?p=14164"},"modified":"2016-05-09T21:40:23","modified_gmt":"2016-05-09T19:40:23","slug":"nydalens-sk-med-pa-verdens-o-dag","status":"publish","type":"post","link":"https:\/\/nydalen.idrett.no\/orientering\/2016\/05\/09\/nydalens-sk-med-pa-verdens-o-dag\/","title":{"rendered":"Nydalens SK med p\u00e5 Verdens O-dag"},"content":{"rendered":"<p><img loading=\"lazy\" decoding=\"async\" class=\"wp-image-14166 alignleft\" src=\"http:\/\/nydalen.idrett.no\/orientering\/wp-content\/uploads\/2016\/05\/wod-square-440x500.png\" alt=\"wod-square\" width=\"224\" height=\"255\" srcset=\"https:\/\/nydalen.idrett.no\/orientering\/wp-content\/uploads\/2016\/05\/wod-square-440x500.png 440w, https:\/\/nydalen.idrett.no\/orientering\/wp-content\/uploads\/2016\/05\/wod-square-768x874.png 768w, https:\/\/nydalen.idrett.no\/orientering\/wp-content\/uploads\/2016\/05\/wod-square-846x962.png 846w\" sizes=\"auto, (max-width: 224px) 100vw, 224px\" \/>Onsdag 11. mai er det duket for Verdens O-dag 2016. Nydalens SK kommer til \u00e5\u00a0delta ved at flere av v\u00e5re juniorer arrangerer orientering\u00a0for 8. klassinger p\u00e5 Engebr\u00e5ten\u00a0ungdomsskole og 2.- og 3.-trinns elever p\u00e5\u00a0Grefsen barneskolen. Kjels\u00e5s skole har orientering p\u00e5 planen den dagen og bruker kart og l\u00f8yper som\u00a0klubben har ordnet\u00a0rundt Teknisk museum.<\/p>\n<p>Vi \u00f8nsker juniorene lykke til!<\/p>\n","protected":false},"excerpt":{"rendered":"<p>Onsdag 11. mai er det duket for Verdens O-dag 2016. Nydalens SK kommer til \u00e5\u00a0delta ved at flere av v\u00e5re juniorer arrangerer orientering\u00a0for 8. klassinger p\u00e5 Engebr\u00e5ten\u00a0ungdomsskole og 2.- og 3.-trinns elever p\u00e5\u00a0Grefsen barneskolen. Kjels\u00e5s skole har orientering p\u00e5 planen &hellip; <a class=\"more-link\" href=\"https:\/\/nydalen.idrett.no\/orientering\/2016\/05\/09\/nydalens-sk-med-pa-verdens-o-dag\/\">Les videre <span class=\"meta-nav\">&rarr;<\/span><\/a><\/p>\n","protected":false},"author":37,"featured_media":0,"comment_status":"open","ping_status":"closed","sticky":false,"template":"","format":"standard","meta":{"footnotes":""},"categories":[14,19,20],"tags":[],"class_list":["post-14164","post","type-post","status-publish","format-standard","hentry","category-media","category-rekrutter-8-12-ar","category-ungdom-13-16-ar"],"_links":{"self":[{"href":"https:\/\/nydalen.idrett.no\/orientering\/wp-json\/wp\/v2\/posts\/14164","targetHints":{"allow":["GET"]}}],"collection":[{"href":"https:\/\/nydalen.idrett.no\/orientering\/wp-json\/wp\/v2\/posts"}],"about":[{"href":"https:\/\/nydalen.idrett.no\/orientering\/wp-json\/wp\/v2\/types\/post"}],"author":[{"embeddable":true,"href":"https:\/\/nydalen.idrett.no\/orientering\/wp-json\/wp\/v2\/users\/37"}],"replies":[{"embeddable":true,"href":"https:\/\/nydalen.idrett.no\/orientering\/wp-json\/wp\/v2\/comments?post=14164"}],"version-history":[{"count":3,"href":"https:\/\/nydalen.idrett.no\/orientering\/wp-json\/wp\/v2\/posts\/14164\/revisions"}],"predecessor-version":[{"id":14169,"href":"https:\/\/nydalen.idrett.no\/orientering\/wp-json\/wp\/v2\/posts\/14164\/revisions\/14169"}],"wp:attachment":[{"href":"https:\/\/nydalen.idrett.no\/orientering\/wp-json\/wp\/v2\/media?parent=14164"}],"wp:term":[{"taxonomy":"category","embeddable":true,"href":"https:\/\/nydalen.idrett.no\/orientering\/wp-json\/wp\/v2\/categories?post=14164"},{"taxonomy":"post_tag","embeddable":true,"href":"https:\/\/nydalen.idrett.no\/orientering\/wp-json\/wp\/v2\/tags?post=14164"}],"curies":[{"name":"wp","href":"https:\/\/api.w.org\/{rel}","templated":true}]}}