{"id":14075,"date":"2016-04-24T22:45:47","date_gmt":"2016-04-24T20:45:47","guid":{"rendered":"http:\/\/nydalen.idrett.no\/orientering\/?p=14075"},"modified":"2016-04-29T10:48:27","modified_gmt":"2016-04-29T08:48:27","slug":"norsk-var-med-innslag-av-vinter","status":"publish","type":"post","link":"https:\/\/nydalen.idrett.no\/orientering\/2016\/04\/24\/norsk-var-med-innslag-av-vinter\/","title":{"rendered":"Norsk v\u00e5r (med innslag av vinter)"},"content":{"rendered":"<p>I helga var en gjeng nyd\u00f8ler i alle aldere i Halden p\u00e5 Norwegian Spring \/V\u00e5rsprinten\/V\u00e5rstafetten\/V\u00e5rspretten\/Solrenningen\/EM-test\/Norgescup.<\/p>\n<p><img loading=\"lazy\" decoding=\"async\" class=\"aligncenter size-thumbnail wp-image-14077\" src=\"http:\/\/nydalen.idrett.no\/orientering\/wp-content\/uploads\/2016\/04\/IMG_8379-200x200.jpg\" alt=\"IMG_8379\" width=\"200\" height=\"200\" \/><\/p>\n<p><!--more-->Eldre junior\/senior startet allerede fredag ettermiddag med EM-test sprint i Tistedalen (Testd\u00e6l\u2019n) sentrum. L\u00f8rdag og s\u00f8ndag gikk l\u00f8pene fra det nye rulleski\/kunstsn\u00f8\u00adanlegget i Tistedalen. Her var det realt skogsterreng, for det meste \u00e5pen furuskog med innslag av gran (og stein) p\u00e5 morenen. P\u00e5 l\u00f8rdag var det stafett for 11-12 og 13-16-\u00e5ringer og mellomdistanse for resten. S\u00f8ndag var det normaldistanse for alle. Det var innlagt norgescup (jr\/sr) og EM-test (sr) begge dager.<\/p>\n<p>Ungdomsgruppa bodde p\u00e5 Ertehytta rett ved arena, og endel juniorer\/seniorer bodde mer sj\u00f8n\u00e6rt i Sponvika.<\/p>\n<p>I stafetten stilte Nydalen med ett lag i D11-12 (Inga og Marie \u2013 flott 3. plass) og ett lag i H11-12 (Axel og Martin \u2013 flott 4. plass). \u00a0Vi hadde 3 lag i hver av ungdoms\u00adklassene. Lars, Kornelius og Halvor var med i teten hele veien og endte p\u00e5 3. plass. H\u00e5kon, Anders + Rolf og Audun ble nr. 5. I jente\u00adklassen var det hard kamp mellom de 3 NSK-lagene som alle endte p\u00e5 premieplass.<\/p>\n<p>I junior og senior E(1)-klassene var vi dessverre litt tynt representert p\u00e5 jentesiden.\u00a0Mange sterke prestasjoner og\u00a0mange l\u00f8pere med\u00a0topp 10. plasseringer:<\/p>\n<ul>\n<li>Anne-Margrethe D21 (1. plass sprint ,2. plass mellom, 4. plass lang)<\/li>\n<li>Elias J H17-18 (4. plass mellom, 2. plass lang)<\/li>\n<li>Henrik E H19-20 (6. plass mellom, 2. plass lang)<\/li>\n<li>Lukas H17-18 (4. plass lang)<\/li>\n<li>Anders N H21 (8. plass mellom, ledet foran Gueorgiou og Lundanes til 12. post)<\/li>\n<li>Siri D21 (9. plass lang)<\/li>\n<li>Eirik H17-18 (10. plass lang)<\/li>\n<\/ul>\n<p>I barne- og ungdomsklassene hadde vi som vanlig mange med, og det ble mange topp 10. plasseringer ogs\u00e5 p\u00e5 denne gjengen:<\/p>\n<ul>\n<li>1. plass til Theodor (H13), Pia (D13), Oda (D14) og Kornelius (H14)<\/li>\n<li>2. plass til Gaute (H13), Halvor (H15) og Ragne (D16)<\/li>\n<li>3. plass til Lars (H15)<\/li>\n<li>4. plass til Anders (H13) og Isak (H15)<\/li>\n<li>5. plass til Marte (D14)<\/li>\n<li>9. plass til Kasper (H13) og Ea (D14)<\/li>\n<li>10. plass til Marie (D11-12) og Elise (D13)<\/li>\n<\/ul>\n<p>I tillegg stilte vi med\u00a0endel\u00a0sm\u00e5troll, et lite antall N-\u00e5pen og D10-l\u00f8pere, gledelig mange seniorer i ulike klasser (E2, AK, AL, Dir AL)\u00a0og\u00a0veteraner\u00a0(inkludert flere i B- og C-klasser &#8211; vi rekrutterer ikke bare blant barna!).<\/p>\n<div id=\"attachment_14072\" style=\"width: 210px\" class=\"wp-caption alignleft\"><img loading=\"lazy\" decoding=\"async\" aria-describedby=\"caption-attachment-14072\" class=\"wp-image-14072 size-thumbnail\" src=\"http:\/\/nydalen.idrett.no\/orientering\/wp-content\/uploads\/2016\/04\/IMG_8245-e1461529163974-200x200.jpg\" alt=\"Martin p\u00e5 full fart mot m\u00e5l\" width=\"200\" height=\"200\" \/><p id=\"caption-attachment-14072\" class=\"wp-caption-text\">Martin p\u00e5 full fart mot m\u00e5l<\/p><\/div>\n<div id=\"attachment_14073\" style=\"width: 210px\" class=\"wp-caption alignleft\"><img loading=\"lazy\" decoding=\"async\" aria-describedby=\"caption-attachment-14073\" class=\"wp-image-14073 size-thumbnail\" src=\"http:\/\/nydalen.idrett.no\/orientering\/wp-content\/uploads\/2016\/04\/IMG_8277-200x200.jpg\" alt=\"Ea p\u00e5 sistepost\" width=\"200\" height=\"200\" \/><p id=\"caption-attachment-14073\" class=\"wp-caption-text\">Ea p\u00e5 sistepost<\/p><\/div>\n<div id=\"attachment_14078\" style=\"width: 210px\" class=\"wp-caption alignleft\"><img loading=\"lazy\" decoding=\"async\" aria-describedby=\"caption-attachment-14078\" class=\"size-thumbnail wp-image-14078\" src=\"http:\/\/nydalen.idrett.no\/orientering\/wp-content\/uploads\/2016\/04\/IMG_8390-200x200.jpg\" alt=\"Norsk v\u00e5r - med innslag av vinter\" width=\"200\" height=\"200\" \/><p id=\"caption-attachment-14078\" class=\"wp-caption-text\">Norsk v\u00e5r &#8211; med innslag av vinter<\/p><\/div>\n<div id=\"attachment_14082\" style=\"width: 210px\" class=\"wp-caption alignleft\"><img loading=\"lazy\" decoding=\"async\" aria-describedby=\"caption-attachment-14082\" class=\"size-thumbnail wp-image-14082\" src=\"http:\/\/nydalen.idrett.no\/orientering\/wp-content\/uploads\/2016\/04\/IMG_8420-200x200.jpg\" alt=\"Maren, Ada, Halvor\" width=\"200\" height=\"200\" \/><p id=\"caption-attachment-14082\" class=\"wp-caption-text\">Maren, Ada, Halvor<\/p><\/div>\n<div id=\"attachment_14081\" style=\"width: 210px\" class=\"wp-caption alignleft\"><img loading=\"lazy\" decoding=\"async\" aria-describedby=\"caption-attachment-14081\" class=\"size-thumbnail wp-image-14081\" src=\"http:\/\/nydalen.idrett.no\/orientering\/wp-content\/uploads\/2016\/04\/IMG_8403-200x200.jpg\" alt=\"Marte, Pia, Ea\" width=\"200\" height=\"200\" \/><p id=\"caption-attachment-14081\" class=\"wp-caption-text\">Marte, Pia, Ea<\/p><\/div>\n<div id=\"attachment_14080\" style=\"width: 210px\" class=\"wp-caption alignleft\"><img loading=\"lazy\" decoding=\"async\" aria-describedby=\"caption-attachment-14080\" class=\"size-thumbnail wp-image-14080\" src=\"http:\/\/nydalen.idrett.no\/orientering\/wp-content\/uploads\/2016\/04\/IMG_8400-200x200.jpg\" alt=\"S\u00f8ren, Einar, Ragnar\" width=\"200\" height=\"200\" \/><p id=\"caption-attachment-14080\" class=\"wp-caption-text\">S\u00f8ren, Einar, Ragnar<\/p><\/div>\n<p><img loading=\"lazy\" decoding=\"async\" class=\"alignleft size-thumbnail wp-image-14079\" src=\"http:\/\/nydalen.idrett.no\/orientering\/wp-content\/uploads\/2016\/04\/IMG_8392-200x200.jpg\" alt=\"IMG_8392\" width=\"200\" height=\"200\" \/><\/p>\n","protected":false},"excerpt":{"rendered":"<p>I helga var en gjeng nyd\u00f8ler i alle aldere i Halden p\u00e5 Norwegian Spring \/V\u00e5rsprinten\/V\u00e5rstafetten\/V\u00e5rspretten\/Solrenningen\/EM-test\/Norgescup.<\/p>\n","protected":false},"author":48,"featured_media":0,"comment_status":"open","ping_status":"closed","sticky":false,"template":"","format":"standard","meta":{"footnotes":""},"categories":[4,19,20,48],"tags":[],"class_list":["post-14075","post","type-post","status-publish","format-standard","hentry","category-elite","category-rekrutter-8-12-ar","category-ungdom-13-16-ar","category-veteraner"],"_links":{"self":[{"href":"https:\/\/nydalen.idrett.no\/orientering\/wp-json\/wp\/v2\/posts\/14075","targetHints":{"allow":["GET"]}}],"collection":[{"href":"https:\/\/nydalen.idrett.no\/orientering\/wp-json\/wp\/v2\/posts"}],"about":[{"href":"https:\/\/nydalen.idrett.no\/orientering\/wp-json\/wp\/v2\/types\/post"}],"author":[{"embeddable":true,"href":"https:\/\/nydalen.idrett.no\/orientering\/wp-json\/wp\/v2\/users\/48"}],"replies":[{"embeddable":true,"href":"https:\/\/nydalen.idrett.no\/orientering\/wp-json\/wp\/v2\/comments?post=14075"}],"version-history":[{"count":10,"href":"https:\/\/nydalen.idrett.no\/orientering\/wp-json\/wp\/v2\/posts\/14075\/revisions"}],"predecessor-version":[{"id":14111,"href":"https:\/\/nydalen.idrett.no\/orientering\/wp-json\/wp\/v2\/posts\/14075\/revisions\/14111"}],"wp:attachment":[{"href":"https:\/\/nydalen.idrett.no\/orientering\/wp-json\/wp\/v2\/media?parent=14075"}],"wp:term":[{"taxonomy":"category","embeddable":true,"href":"https:\/\/nydalen.idrett.no\/orientering\/wp-json\/wp\/v2\/categories?post=14075"},{"taxonomy":"post_tag","embeddable":true,"href":"https:\/\/nydalen.idrett.no\/orientering\/wp-json\/wp\/v2\/tags?post=14075"}],"curies":[{"name":"wp","href":"https:\/\/api.w.org\/{rel}","templated":true}]}}