{"id":13935,"date":"2016-03-19T10:54:24","date_gmt":"2016-03-19T09:54:24","guid":{"rendered":"http:\/\/nydalen.idrett.no\/orientering\/?p=13935"},"modified":"2016-03-19T10:54:24","modified_gmt":"2016-03-19T09:54:24","slug":"generalforsamling-30-mars-2016","status":"publish","type":"post","link":"https:\/\/nydalen.idrett.no\/orientering\/2016\/03\/19\/generalforsamling-30-mars-2016\/","title":{"rendered":"Generalforsamling 30.mars 2016"},"content":{"rendered":"<p>Klubbens generalforsamling holdes som kjent rett etter p\u00e5ske, og sakspapirene er n\u00e5 klare. De kan lastes ned fra siden med intern info under fanen Klubben.<br \/>\nVi oppfordrer dere til \u00e5 skrive ut dokumentene selv og ta med p\u00e5 generalforsamlingen da det bare er et f\u00e5tall papirutgaver.<br \/>\nStyret h\u00e5per \u00e5 se mange klubbmedlemmer p\u00e5 Dampen den 30.mars!<\/p>\n<p>God p\u00e5ske!<\/p>\n","protected":false},"excerpt":{"rendered":"<p>Klubbens generalforsamling holdes som kjent rett etter p\u00e5ske, og sakspapirene er n\u00e5 klare. De kan lastes ned fra siden med intern info under fanen Klubben. Vi oppfordrer dere til \u00e5 skrive ut dokumentene selv og ta med p\u00e5 generalforsamlingen da &hellip; <a class=\"more-link\" href=\"https:\/\/nydalen.idrett.no\/orientering\/2016\/03\/19\/generalforsamling-30-mars-2016\/\">Les videre <span class=\"meta-nav\">&rarr;<\/span><\/a><\/p>\n","protected":false},"author":17,"featured_media":0,"comment_status":"open","ping_status":"closed","sticky":false,"template":"","format":"standard","meta":{"footnotes":""},"categories":[7],"tags":[],"class_list":["post-13935","post","type-post","status-publish","format-standard","hentry","category-administrativt"],"_links":{"self":[{"href":"https:\/\/nydalen.idrett.no\/orientering\/wp-json\/wp\/v2\/posts\/13935","targetHints":{"allow":["GET"]}}],"collection":[{"href":"https:\/\/nydalen.idrett.no\/orientering\/wp-json\/wp\/v2\/posts"}],"about":[{"href":"https:\/\/nydalen.idrett.no\/orientering\/wp-json\/wp\/v2\/types\/post"}],"author":[{"embeddable":true,"href":"https:\/\/nydalen.idrett.no\/orientering\/wp-json\/wp\/v2\/users\/17"}],"replies":[{"embeddable":true,"href":"https:\/\/nydalen.idrett.no\/orientering\/wp-json\/wp\/v2\/comments?post=13935"}],"version-history":[{"count":1,"href":"https:\/\/nydalen.idrett.no\/orientering\/wp-json\/wp\/v2\/posts\/13935\/revisions"}],"predecessor-version":[{"id":13936,"href":"https:\/\/nydalen.idrett.no\/orientering\/wp-json\/wp\/v2\/posts\/13935\/revisions\/13936"}],"wp:attachment":[{"href":"https:\/\/nydalen.idrett.no\/orientering\/wp-json\/wp\/v2\/media?parent=13935"}],"wp:term":[{"taxonomy":"category","embeddable":true,"href":"https:\/\/nydalen.idrett.no\/orientering\/wp-json\/wp\/v2\/categories?post=13935"},{"taxonomy":"post_tag","embeddable":true,"href":"https:\/\/nydalen.idrett.no\/orientering\/wp-json\/wp\/v2\/tags?post=13935"}],"curies":[{"name":"wp","href":"https:\/\/api.w.org\/{rel}","templated":true}]}}