{"id":13637,"date":"2015-12-14T18:14:37","date_gmt":"2015-12-14T17:14:37","guid":{"rendered":"http:\/\/nydalen.idrett.no\/orientering\/?p=13637"},"modified":"2015-12-14T18:14:37","modified_gmt":"2015-12-14T17:14:37","slug":"ski-o-samling-pa-sjusjoen","status":"publish","type":"post","link":"https:\/\/nydalen.idrett.no\/orientering\/2015\/12\/14\/ski-o-samling-pa-sjusjoen\/","title":{"rendered":"Ski-o-samling p\u00e5 Sjusj\u00f8en"},"content":{"rendered":"<p>I helgen var Nydalens representert ved 16 ungdommer og juniorer p\u00e5 o-forbundets \u00e5pne ski-o-samling p\u00e5 Sjusj\u00f8en. Samlingen har v\u00e6rt en \u00e5rlig hendelse de siste \u00e5rene, og deltakelsen i \u00e5r var stor. Totalt var over 80 stykker med. De fleste var 13-16 \u00e5r, men det var ogs\u00e5 en del juniorer med. Alle deltakerne var innlosjert p\u00e5 hytter, og der foregikk nok den viktigste delen av samlingen!<\/p>\n<p><a href=\"http:\/\/nydalen.idrett.no\/orientering\/wp-content\/uploads\/2015\/12\/2.-H13-14.jpg\"><img loading=\"lazy\" decoding=\"async\" class=\"alignnone wp-image-13640\" src=\"http:\/\/nydalen.idrett.no\/orientering\/wp-content\/uploads\/2015\/12\/2.-H13-14-500x375.jpg\" alt=\"2. H13-14\" width=\"415\" height=\"311\" srcset=\"https:\/\/nydalen.idrett.no\/orientering\/wp-content\/uploads\/2015\/12\/2.-H13-14-500x375.jpg 500w, https:\/\/nydalen.idrett.no\/orientering\/wp-content\/uploads\/2015\/12\/2.-H13-14-962x722.jpg 962w, https:\/\/nydalen.idrett.no\/orientering\/wp-content\/uploads\/2015\/12\/2.-H13-14.jpg 1632w\" sizes=\"auto, (max-width: 415px) 100vw, 415px\" \/><\/a><\/p>\n<h5>H13-14-gjengen med Gaute, Tobias, Kasper og Teodor.<\/h5>\n<p><!--more--><\/p>\n<p>For mange var samlingen en f\u00f8rste introduksjon til ski-orientering. F\u00f8rste \u00f8kt l\u00f8rdag var derfor ekstra spennende for noen. Det var lagt opp til mange sm\u00e5 sl\u00f8yfer med ulik vanskelighetsgrad, og den ene etter den andre kom inn med stort smil om munnen. H\u00f8rt p\u00e5 f\u00f8rste\u00f8kten: \u00abDette var kjempeg\u00f8y!\u00bb \u00abSkj\u00f8nner ikke hvorfor ikke ski-o er st\u00f8rre, ass!\u00bb<\/p>\n<p>Andre \u00f8kt l\u00f8rdag var konkurranse, sprintdistanse. Det var lite sn\u00f8 p\u00e5 Sjusj\u00f8en, best forhold var i det scooterkj\u00f8rte l\u00f8ypenettet. Der gikk det unna s\u00e5 dvergbj\u00f8rk og gresstuster skvatt, gamle ski var nok lurt. Mange gode prestasjoner av Nyd\u00f8lingene denne dagen, og topp-plasseringer ble det p\u00e5 J\u00f8rgen Madslien (3. plass H17), Kari Madslien (1. plass D50), Erlend Slokvik og Jon Iver Bakken (2. og 3. i H50), Teodor Mo Hjelseth og Kornelius Kriszat-L\u00f8vfald (1. og 2. i H13-14).<\/p>\n<p>S\u00f8ndag var det ny konkurranse, denne gang mellomdistanse. Noen fikk revansje fra l\u00f8rdagen, andre kom ned p\u00e5 jorda igjen \u2013 men det var uansett mange blide ansikter \u00e5 se p\u00e5 arenaen. Seier til Anine Ahlsand\u00a0(D17) og ny 3. plass til J\u00f8rgen Madslien (H17), 1. og 3. plass til Anne og Kari Madslien (D50), Teodor og Kornelius doblet igjen (H13-14), og Torleif Ahlsand vant (H50).<\/p>\n<p>Andre \u00f8kt s\u00f8ndag var \u00abskravle-o\u00bb, noe som de fleste av v\u00e5re ut\u00f8vere burde mestre med glans. Samlingen var en flott introduksjon til en veldig morsom idrett, tror nok de fleste av de som pr\u00f8vde dette for f\u00f8rste gang vil pr\u00f8ve seg igjen.<\/p>\n<p><a href=\"http:\/\/nydalen.idrett.no\/orientering\/wp-content\/uploads\/2015\/12\/1.-Gutta-krutt.jpg\"><img loading=\"lazy\" decoding=\"async\" class=\"alignnone wp-image-13639\" src=\"http:\/\/nydalen.idrett.no\/orientering\/wp-content\/uploads\/2015\/12\/1.-Gutta-krutt-375x500.jpg\" alt=\"1. Gutta krutt\" width=\"272\" height=\"363\" srcset=\"https:\/\/nydalen.idrett.no\/orientering\/wp-content\/uploads\/2015\/12\/1.-Gutta-krutt-375x500.jpg 375w, https:\/\/nydalen.idrett.no\/orientering\/wp-content\/uploads\/2015\/12\/1.-Gutta-krutt-722x962.jpg 722w, https:\/\/nydalen.idrett.no\/orientering\/wp-content\/uploads\/2015\/12\/1.-Gutta-krutt.jpg 1224w\" sizes=\"auto, (max-width: 272px) 100vw, 272px\" \/><\/a><\/p>\n<h5>Gutta krutt \u2013 Lars, Halvor og Kornelius<\/h5>\n<p><a href=\"http:\/\/nydalen.idrett.no\/orientering\/wp-content\/uploads\/2015\/12\/3.-Soloppgang.jpg\"><img loading=\"lazy\" decoding=\"async\" class=\"alignnone wp-image-13641\" src=\"http:\/\/nydalen.idrett.no\/orientering\/wp-content\/uploads\/2015\/12\/3.-Soloppgang-500x375.jpg\" alt=\"3. Soloppgang\" width=\"321\" height=\"241\" srcset=\"https:\/\/nydalen.idrett.no\/orientering\/wp-content\/uploads\/2015\/12\/3.-Soloppgang-500x375.jpg 500w, https:\/\/nydalen.idrett.no\/orientering\/wp-content\/uploads\/2015\/12\/3.-Soloppgang-962x722.jpg 962w, https:\/\/nydalen.idrett.no\/orientering\/wp-content\/uploads\/2015\/12\/3.-Soloppgang.jpg 1136w\" sizes=\"auto, (max-width: 321px) 100vw, 321px\" \/><\/a><\/p>\n<h5>Soloppgang \u2013 ikke noe slaraffenliv p\u00e5 samling!<\/h5>\n<p><a href=\"http:\/\/nydalen.idrett.no\/orientering\/wp-content\/uploads\/2015\/12\/4.-Teodor-post.jpg\"><img loading=\"lazy\" decoding=\"async\" class=\"alignnone wp-image-13642\" src=\"http:\/\/nydalen.idrett.no\/orientering\/wp-content\/uploads\/2015\/12\/4.-Teodor-post-375x500.jpg\" alt=\"4. Teodor post\" width=\"284\" height=\"378\" srcset=\"https:\/\/nydalen.idrett.no\/orientering\/wp-content\/uploads\/2015\/12\/4.-Teodor-post-375x500.jpg 375w, https:\/\/nydalen.idrett.no\/orientering\/wp-content\/uploads\/2015\/12\/4.-Teodor-post-722x962.jpg 722w, https:\/\/nydalen.idrett.no\/orientering\/wp-content\/uploads\/2015\/12\/4.-Teodor-post.jpg 1224w\" sizes=\"auto, (max-width: 284px) 100vw, 284px\" \/><\/a><\/p>\n<h5>Kasper Bakken Ulseth p\u00e5 post<\/h5>\n<p><a href=\"http:\/\/nydalen.idrett.no\/orientering\/wp-content\/uploads\/2015\/12\/5.-Kasper-post-1.jpg\"><img loading=\"lazy\" decoding=\"async\" class=\"alignnone wp-image-13643\" src=\"http:\/\/nydalen.idrett.no\/orientering\/wp-content\/uploads\/2015\/12\/5.-Kasper-post-1-375x500.jpg\" alt=\"5. Kasper post 1\" width=\"284\" height=\"379\" srcset=\"https:\/\/nydalen.idrett.no\/orientering\/wp-content\/uploads\/2015\/12\/5.-Kasper-post-1-375x500.jpg 375w, https:\/\/nydalen.idrett.no\/orientering\/wp-content\/uploads\/2015\/12\/5.-Kasper-post-1-722x962.jpg 722w, https:\/\/nydalen.idrett.no\/orientering\/wp-content\/uploads\/2015\/12\/5.-Kasper-post-1.jpg 1224w\" sizes=\"auto, (max-width: 284px) 100vw, 284px\" \/><\/a><\/p>\n<h5>Teodor p\u00e5 post<\/h5>\n<p><a href=\"http:\/\/nydalen.idrett.no\/orientering\/wp-content\/uploads\/2015\/12\/6.-\u00c5se-post.jpg\"><img loading=\"lazy\" decoding=\"async\" class=\"alignnone wp-image-13644\" src=\"http:\/\/nydalen.idrett.no\/orientering\/wp-content\/uploads\/2015\/12\/6.-\u00c5se-post-375x500.jpg\" alt=\"6. \u00c5se post\" width=\"280\" height=\"373\" srcset=\"https:\/\/nydalen.idrett.no\/orientering\/wp-content\/uploads\/2015\/12\/6.-\u00c5se-post-375x500.jpg 375w, https:\/\/nydalen.idrett.no\/orientering\/wp-content\/uploads\/2015\/12\/6.-\u00c5se-post-722x962.jpg 722w, https:\/\/nydalen.idrett.no\/orientering\/wp-content\/uploads\/2015\/12\/6.-\u00c5se-post.jpg 1224w\" sizes=\"auto, (max-width: 280px) 100vw, 280px\" \/><\/a><\/p>\n<h5>\u00c5se Bergan p\u00e5 post<\/h5>\n<p>Artikkel skrevet av Anne-Lene Bakken Ulseth<\/p>\n","protected":false},"excerpt":{"rendered":"<p>I helgen var Nydalens representert ved 16 ungdommer og juniorer p\u00e5 o-forbundets \u00e5pne ski-o-samling p\u00e5 Sjusj\u00f8en. Samlingen har v\u00e6rt en \u00e5rlig hendelse de siste \u00e5rene, og deltakelsen i \u00e5r var stor. Totalt var over 80 stykker med. De fleste var &hellip; <a class=\"more-link\" href=\"https:\/\/nydalen.idrett.no\/orientering\/2015\/12\/14\/ski-o-samling-pa-sjusjoen\/\">Les videre <span class=\"meta-nav\">&rarr;<\/span><\/a><\/p>\n","protected":false},"author":37,"featured_media":0,"comment_status":"open","ping_status":"closed","sticky":false,"template":"","format":"standard","meta":{"footnotes":""},"categories":[6,10,20,48],"tags":[],"class_list":["post-13637","post","type-post","status-publish","format-standard","hentry","category-sosialt","category-sportslig","category-ungdom-13-16-ar","category-veteraner"],"_links":{"self":[{"href":"https:\/\/nydalen.idrett.no\/orientering\/wp-json\/wp\/v2\/posts\/13637","targetHints":{"allow":["GET"]}}],"collection":[{"href":"https:\/\/nydalen.idrett.no\/orientering\/wp-json\/wp\/v2\/posts"}],"about":[{"href":"https:\/\/nydalen.idrett.no\/orientering\/wp-json\/wp\/v2\/types\/post"}],"author":[{"embeddable":true,"href":"https:\/\/nydalen.idrett.no\/orientering\/wp-json\/wp\/v2\/users\/37"}],"replies":[{"embeddable":true,"href":"https:\/\/nydalen.idrett.no\/orientering\/wp-json\/wp\/v2\/comments?post=13637"}],"version-history":[{"count":2,"href":"https:\/\/nydalen.idrett.no\/orientering\/wp-json\/wp\/v2\/posts\/13637\/revisions"}],"predecessor-version":[{"id":13646,"href":"https:\/\/nydalen.idrett.no\/orientering\/wp-json\/wp\/v2\/posts\/13637\/revisions\/13646"}],"wp:attachment":[{"href":"https:\/\/nydalen.idrett.no\/orientering\/wp-json\/wp\/v2\/media?parent=13637"}],"wp:term":[{"taxonomy":"category","embeddable":true,"href":"https:\/\/nydalen.idrett.no\/orientering\/wp-json\/wp\/v2\/categories?post=13637"},{"taxonomy":"post_tag","embeddable":true,"href":"https:\/\/nydalen.idrett.no\/orientering\/wp-json\/wp\/v2\/tags?post=13637"}],"curies":[{"name":"wp","href":"https:\/\/api.w.org\/{rel}","templated":true}]}}