{"id":13258,"date":"2015-08-31T09:09:18","date_gmt":"2015-08-31T07:09:18","guid":{"rendered":"http:\/\/nydalen.idrett.no\/orientering\/?p=13258"},"modified":"2015-08-31T09:10:17","modified_gmt":"2015-08-31T07:10:17","slug":"3-lag-pa-25manna","status":"publish","type":"post","link":"https:\/\/nydalen.idrett.no\/orientering\/2015\/08\/31\/3-lag-pa-25manna\/","title":{"rendered":"3 lag p\u00e5 25manna!"},"content":{"rendered":"<p>Ingen beh\u00f8ver lenger lure p\u00e5 hvor mange 25manna lag det blir i \u00e5r &#8211; vi f\u00e5r 3 lag! Det er bare \u00e5 se frem i mot helga 9.-11.oktober. \u00c5rets arena er i T\u00e4by \/ Vallentuna rett nord for Stockholm.<\/p>\n<p>UK planlegger \u00e5 ha lagene klare i l\u00f8pet av uke 39! Se ellers <a href=\"http:\/\/www.25manna.nu\/\" target=\"_blank\">hjemmesida til 25manna<\/a>.<\/p>\n","protected":false},"excerpt":{"rendered":"<p>Ingen beh\u00f8ver lenger lure p\u00e5 hvor mange 25manna lag det blir i \u00e5r &#8211; vi f\u00e5r 3 lag! Det er bare \u00e5 se frem i mot helga 9.-11.oktober. \u00c5rets arena er i T\u00e4by \/ Vallentuna rett nord for Stockholm. UK &hellip; <a class=\"more-link\" href=\"https:\/\/nydalen.idrett.no\/orientering\/2015\/08\/31\/3-lag-pa-25manna\/\">Les videre <span class=\"meta-nav\">&rarr;<\/span><\/a><\/p>\n","protected":false},"author":40,"featured_media":0,"comment_status":"open","ping_status":"closed","sticky":false,"template":"","format":"standard","meta":{"footnotes":""},"categories":[35,6,10],"tags":[],"class_list":["post-13258","post","type-post","status-publish","format-standard","hentry","category-klubbturer","category-sosialt","category-sportslig"],"_links":{"self":[{"href":"https:\/\/nydalen.idrett.no\/orientering\/wp-json\/wp\/v2\/posts\/13258","targetHints":{"allow":["GET"]}}],"collection":[{"href":"https:\/\/nydalen.idrett.no\/orientering\/wp-json\/wp\/v2\/posts"}],"about":[{"href":"https:\/\/nydalen.idrett.no\/orientering\/wp-json\/wp\/v2\/types\/post"}],"author":[{"embeddable":true,"href":"https:\/\/nydalen.idrett.no\/orientering\/wp-json\/wp\/v2\/users\/40"}],"replies":[{"embeddable":true,"href":"https:\/\/nydalen.idrett.no\/orientering\/wp-json\/wp\/v2\/comments?post=13258"}],"version-history":[{"count":2,"href":"https:\/\/nydalen.idrett.no\/orientering\/wp-json\/wp\/v2\/posts\/13258\/revisions"}],"predecessor-version":[{"id":13260,"href":"https:\/\/nydalen.idrett.no\/orientering\/wp-json\/wp\/v2\/posts\/13258\/revisions\/13260"}],"wp:attachment":[{"href":"https:\/\/nydalen.idrett.no\/orientering\/wp-json\/wp\/v2\/media?parent=13258"}],"wp:term":[{"taxonomy":"category","embeddable":true,"href":"https:\/\/nydalen.idrett.no\/orientering\/wp-json\/wp\/v2\/categories?post=13258"},{"taxonomy":"post_tag","embeddable":true,"href":"https:\/\/nydalen.idrett.no\/orientering\/wp-json\/wp\/v2\/tags?post=13258"}],"curies":[{"name":"wp","href":"https:\/\/api.w.org\/{rel}","templated":true}]}}