{"id":12896,"date":"2015-06-07T11:33:01","date_gmt":"2015-06-07T09:33:01","guid":{"rendered":"http:\/\/nydalen.idrett.no\/orientering\/?p=12896"},"modified":"2015-06-07T11:35:24","modified_gmt":"2015-06-07T09:35:24","slug":"sperring-av-terreng-for-testlop-jr-vm-2016","status":"publish","type":"post","link":"https:\/\/nydalen.idrett.no\/orientering\/2015\/06\/07\/sperring-av-terreng-for-testlop-jr-vm-2016\/","title":{"rendered":"Sperring av terreng for testl\u00f8p jr-VM 2016"},"content":{"rendered":"<p><a href=\"http:\/\/nydalen.idrett.no\/orientering\/wp-content\/uploads\/2015\/06\/Testl\u00f8p-jr-mellomdist-besk\u00e5ret.jpg\"><img loading=\"lazy\" decoding=\"async\" class=\"alignleft size-medium wp-image-12899\" src=\"http:\/\/nydalen.idrett.no\/orientering\/wp-content\/uploads\/2015\/06\/Testl\u00f8p-jr-mellomdist-besk\u00e5ret-457x500.jpg\" alt=\"Testl\u00f8p-jr-mellomdist-besk\u00e5ret\" width=\"457\" height=\"500\" srcset=\"https:\/\/nydalen.idrett.no\/orientering\/wp-content\/uploads\/2015\/06\/Testl\u00f8p-jr-mellomdist-besk\u00e5ret-457x500.jpg 457w, https:\/\/nydalen.idrett.no\/orientering\/wp-content\/uploads\/2015\/06\/Testl\u00f8p-jr-mellomdist-besk\u00e5ret-879x962.jpg 879w\" sizes=\"auto, (max-width: 457px) 100vw, 457px\" \/><\/a>Forbundet har tildelt NSK det ene testl\u00f8pet for jr-VM i 2016. Dette blir en mellomdistanse i Fagervanns\u00e5sen i juni neste \u00e5r, som ogs\u00e5 vil inng\u00e5 i Norgescupen. Terrenget er n\u00e5 sperret for alle som skal l\u00f8pe dette uttaksl\u00f8pet. Dette gjelder l\u00f8pere som i \u00e5r konkurrerer i 16, 17, 18 og 19-\u00e5rsklassen.<\/p>\n<p>Det vil bli tatt hensyn til dette n\u00e5r h\u00f8stens treninger blir planlagt. Vi har mye terreng \u00e5 ta av!<\/p>\n","protected":false},"excerpt":{"rendered":"<p>Forbundet har tildelt NSK det ene testl\u00f8pet for jr-VM i 2016. Dette blir en mellomdistanse i Fagervanns\u00e5sen i juni neste \u00e5r, som ogs\u00e5 vil inng\u00e5 i Norgescupen. Terrenget er n\u00e5 sperret for alle som skal l\u00f8pe dette uttaksl\u00f8pet. Dette gjelder &hellip; <a class=\"more-link\" href=\"https:\/\/nydalen.idrett.no\/orientering\/2015\/06\/07\/sperring-av-terreng-for-testlop-jr-vm-2016\/\">Les videre <span class=\"meta-nav\">&rarr;<\/span><\/a><\/p>\n","protected":false},"author":12,"featured_media":0,"comment_status":"open","ping_status":"closed","sticky":false,"template":"","format":"standard","meta":{"footnotes":""},"categories":[4,10],"tags":[],"class_list":["post-12896","post","type-post","status-publish","format-standard","hentry","category-elite","category-sportslig"],"_links":{"self":[{"href":"https:\/\/nydalen.idrett.no\/orientering\/wp-json\/wp\/v2\/posts\/12896","targetHints":{"allow":["GET"]}}],"collection":[{"href":"https:\/\/nydalen.idrett.no\/orientering\/wp-json\/wp\/v2\/posts"}],"about":[{"href":"https:\/\/nydalen.idrett.no\/orientering\/wp-json\/wp\/v2\/types\/post"}],"author":[{"embeddable":true,"href":"https:\/\/nydalen.idrett.no\/orientering\/wp-json\/wp\/v2\/users\/12"}],"replies":[{"embeddable":true,"href":"https:\/\/nydalen.idrett.no\/orientering\/wp-json\/wp\/v2\/comments?post=12896"}],"version-history":[{"count":3,"href":"https:\/\/nydalen.idrett.no\/orientering\/wp-json\/wp\/v2\/posts\/12896\/revisions"}],"predecessor-version":[{"id":12901,"href":"https:\/\/nydalen.idrett.no\/orientering\/wp-json\/wp\/v2\/posts\/12896\/revisions\/12901"}],"wp:attachment":[{"href":"https:\/\/nydalen.idrett.no\/orientering\/wp-json\/wp\/v2\/media?parent=12896"}],"wp:term":[{"taxonomy":"category","embeddable":true,"href":"https:\/\/nydalen.idrett.no\/orientering\/wp-json\/wp\/v2\/categories?post=12896"},{"taxonomy":"post_tag","embeddable":true,"href":"https:\/\/nydalen.idrett.no\/orientering\/wp-json\/wp\/v2\/tags?post=12896"}],"curies":[{"name":"wp","href":"https:\/\/api.w.org\/{rel}","templated":true}]}}