{"id":12886,"date":"2015-06-04T23:15:01","date_gmt":"2015-06-04T21:15:01","guid":{"rendered":"http:\/\/nydalen.idrett.no\/orientering\/?p=12886"},"modified":"2015-06-04T23:20:42","modified_gmt":"2015-06-04T21:20:42","slug":"anine-til-junior-vm","status":"publish","type":"post","link":"https:\/\/nydalen.idrett.no\/orientering\/2015\/06\/04\/anine-til-junior-vm\/","title":{"rendered":"Anine til junior-VM, Eirik til ungdoms-EM"},"content":{"rendered":"<p>Etter god l\u00f8ping i uttakingsl\u00f8pene, bl.a med s\u00f8lvmedalje i NM Sprint, er Anine Ahlsand tatt ut til \u00e5 representere Norge i \u00e5rets Junior-VM, som g\u00e5r i Rauland i juli.\u00a0\u00a0Jonas Madslien Bakken (n\u00e5 NTNUI) er ogs\u00e5 p\u00e5 laget, \u00a0bl.a. etter seier p\u00e5 mellomdistansen under uttaksl\u00f8pene i pinsen.<\/p>\n<p>Gratulerer med uttaket, og lykke til i jr-VM! \u00a0&#8220;Hele klubben&#8221; er p\u00e5 plass i Rauland for \u00e5 heie p\u00e5 dere.<\/p>\n<p>Og: Eirik Langedal Breivik skal representere Norge under ungdoms-EM EYOC i Romania, samtidig med O-Festivalen. \u00a0Gratulerer med uttaket og lykke til !<\/p>\n","protected":false},"excerpt":{"rendered":"<p>Etter god l\u00f8ping i uttakingsl\u00f8pene, bl.a med s\u00f8lvmedalje i NM Sprint, er Anine Ahlsand tatt ut til \u00e5 representere Norge i \u00e5rets Junior-VM, som g\u00e5r i Rauland i juli.\u00a0\u00a0Jonas Madslien Bakken (n\u00e5 NTNUI) er ogs\u00e5 p\u00e5 laget, \u00a0bl.a. etter seier &hellip; <a class=\"more-link\" href=\"https:\/\/nydalen.idrett.no\/orientering\/2015\/06\/04\/anine-til-junior-vm\/\">Les videre <span class=\"meta-nav\">&rarr;<\/span><\/a><\/p>\n","protected":false},"author":4,"featured_media":0,"comment_status":"open","ping_status":"closed","sticky":false,"template":"","format":"standard","meta":{"footnotes":""},"categories":[4,10],"tags":[],"class_list":["post-12886","post","type-post","status-publish","format-standard","hentry","category-elite","category-sportslig"],"_links":{"self":[{"href":"https:\/\/nydalen.idrett.no\/orientering\/wp-json\/wp\/v2\/posts\/12886","targetHints":{"allow":["GET"]}}],"collection":[{"href":"https:\/\/nydalen.idrett.no\/orientering\/wp-json\/wp\/v2\/posts"}],"about":[{"href":"https:\/\/nydalen.idrett.no\/orientering\/wp-json\/wp\/v2\/types\/post"}],"author":[{"embeddable":true,"href":"https:\/\/nydalen.idrett.no\/orientering\/wp-json\/wp\/v2\/users\/4"}],"replies":[{"embeddable":true,"href":"https:\/\/nydalen.idrett.no\/orientering\/wp-json\/wp\/v2\/comments?post=12886"}],"version-history":[{"count":4,"href":"https:\/\/nydalen.idrett.no\/orientering\/wp-json\/wp\/v2\/posts\/12886\/revisions"}],"predecessor-version":[{"id":12890,"href":"https:\/\/nydalen.idrett.no\/orientering\/wp-json\/wp\/v2\/posts\/12886\/revisions\/12890"}],"wp:attachment":[{"href":"https:\/\/nydalen.idrett.no\/orientering\/wp-json\/wp\/v2\/media?parent=12886"}],"wp:term":[{"taxonomy":"category","embeddable":true,"href":"https:\/\/nydalen.idrett.no\/orientering\/wp-json\/wp\/v2\/categories?post=12886"},{"taxonomy":"post_tag","embeddable":true,"href":"https:\/\/nydalen.idrett.no\/orientering\/wp-json\/wp\/v2\/tags?post=12886"}],"curies":[{"name":"wp","href":"https:\/\/api.w.org\/{rel}","templated":true}]}}