{"id":12853,"date":"2015-06-01T08:56:06","date_gmt":"2015-06-01T06:56:06","guid":{"rendered":"http:\/\/nydalen.idrett.no\/orientering\/?p=12853"},"modified":"2015-06-01T08:56:06","modified_gmt":"2015-06-01T06:56:06","slug":"7-70-oversetertjern","status":"publish","type":"post","link":"https:\/\/nydalen.idrett.no\/orientering\/2015\/06\/01\/7-70-oversetertjern\/","title":{"rendered":"7-70 \u00d8versetertjern"},"content":{"rendered":"<p>Tirsdag 2. juni er det klart for 7-70 fra \u00d8versetertjern ved Tryvannst\u00e5rnet. Det blir &#8220;vanlige&#8221; o-l\u00f8yper. <!--more--><\/p>\n<p>Omr\u00e5det n\u00e6r \u00d8versetertjern preges av stier, alpinbakker og store formasjoner. A-l\u00f8ypa kommer innom detaljrike og krevende omr\u00e5der som er lite benyttet. F\u00f8lgende l\u00f8yper tilbys:<\/p>\n<ul>\n<li>7,6km\/5,6km A-l\u00f8ype (ekstrapostene i den lengste varianten er ikke markert med skjermer i skogen)<\/li>\n<li>3,1km B-l\u00f8ype<\/li>\n<li>1,8km N-l\u00f8ype<\/li>\n<\/ul>\n<p>Fri start mellom 18.00 og 18.30. Oppm\u00f8te er p\u00e5 parkeringsplassen her: <a href=\"http:\/\/kart.finn.no\/?lng=10.66804&amp;lat=59.98331&amp;zoom=16.016666666666673&amp;mapType=normap&amp;markers=10.66777,59.98317,r,%2F-70\">Kartlink<\/a><\/p>\n","protected":false},"excerpt":{"rendered":"<p>Tirsdag 2. juni er det klart for 7-70 fra \u00d8versetertjern ved Tryvannst\u00e5rnet. Det blir &#8220;vanlige&#8221; o-l\u00f8yper.<\/p>\n","protected":false},"author":23,"featured_media":0,"comment_status":"open","ping_status":"closed","sticky":false,"template":"","format":"standard","meta":{"footnotes":""},"categories":[10],"tags":[],"class_list":["post-12853","post","type-post","status-publish","format-standard","hentry","category-sportslig"],"_links":{"self":[{"href":"https:\/\/nydalen.idrett.no\/orientering\/wp-json\/wp\/v2\/posts\/12853","targetHints":{"allow":["GET"]}}],"collection":[{"href":"https:\/\/nydalen.idrett.no\/orientering\/wp-json\/wp\/v2\/posts"}],"about":[{"href":"https:\/\/nydalen.idrett.no\/orientering\/wp-json\/wp\/v2\/types\/post"}],"author":[{"embeddable":true,"href":"https:\/\/nydalen.idrett.no\/orientering\/wp-json\/wp\/v2\/users\/23"}],"replies":[{"embeddable":true,"href":"https:\/\/nydalen.idrett.no\/orientering\/wp-json\/wp\/v2\/comments?post=12853"}],"version-history":[{"count":3,"href":"https:\/\/nydalen.idrett.no\/orientering\/wp-json\/wp\/v2\/posts\/12853\/revisions"}],"predecessor-version":[{"id":12856,"href":"https:\/\/nydalen.idrett.no\/orientering\/wp-json\/wp\/v2\/posts\/12853\/revisions\/12856"}],"wp:attachment":[{"href":"https:\/\/nydalen.idrett.no\/orientering\/wp-json\/wp\/v2\/media?parent=12853"}],"wp:term":[{"taxonomy":"category","embeddable":true,"href":"https:\/\/nydalen.idrett.no\/orientering\/wp-json\/wp\/v2\/categories?post=12853"},{"taxonomy":"post_tag","embeddable":true,"href":"https:\/\/nydalen.idrett.no\/orientering\/wp-json\/wp\/v2\/tags?post=12853"}],"curies":[{"name":"wp","href":"https:\/\/api.w.org\/{rel}","templated":true}]}}